{"id":38620,"date":"2025-01-08T22:32:59","date_gmt":"2025-01-09T01:32:59","guid":{"rendered":"https:\/\/euvivoaselecao.com.br\/index.php\/2025\/01\/08\/prefeitura-reforca-fumace-durante-verao\/"},"modified":"2025-01-08T22:32:59","modified_gmt":"2025-01-09T01:32:59","slug":"prefeitura-reforca-fumace-durante-verao","status":"publish","type":"post","link":"https:\/\/euvivoaselecao.com.br\/index.php\/2025\/01\/08\/prefeitura-reforca-fumace-durante-verao\/","title":{"rendered":"Prefeitura refor\u00e7a fumac\u00ea durante ver\u00e3o"},"content":{"rendered":"<p><\/p>\n<div>\n<p><b>Rosi Masiero<\/b><br \/>&#13;<br \/>\n&#13;<br \/>\n                <span style=\"font-weight: bold;\">Secretaria de Manuten\u00e7\u00e3o da Cidade<\/span><\/p>\n<p>A Prefeitura de S\u00e3o Jos\u00e9 dos Campos est\u00e1 refor\u00e7ando as a\u00e7\u00f5es de aplica\u00e7\u00e3o de larvicida e de fumac\u00ea, em todas as regi\u00f5es da cidade. A programa\u00e7\u00e3o pode ser acompanhada, semanalmente, no site da administra\u00e7\u00e3o.<\/p>\n<p>O servi\u00e7o de larvicida abrange toda a cidade e \u00e9 executado em 80 locais, sempre em c\u00f3rregos, lagos e rios, incluindo alguns de dif\u00edcil acesso. A aplica\u00e7\u00e3o dos produtos atinge as larvas e ajuda a combater a prolifera\u00e7\u00e3o do mosquito Aedes aegypti, refor\u00e7ando as a\u00e7\u00f5es de preven\u00e7\u00e3o contra a dengue, zika e chikungunya.<\/p>\n<p><span class=\"intertitulo\"><strong>Fumac\u00ea<\/strong><\/span><\/p>\n<p>Em S\u00e3o Jos\u00e9 dos Campos, a Prefeitura realiza o servi\u00e7o o ano todo. Por\u00e9m, nessa \u00e9poca do ano, ao inv\u00e9s de um, saem cinco ve\u00edculos \u00e0 noite, das 18 \u00e0s 21h, para aplica\u00e7\u00e3o do fumac\u00ea, em at\u00e9 tr\u00eas regi\u00f5es da cidade, por semana. O produto combate\u00a0<span>somente pernilongo que esteja voando preservando, assim, outros insetos que ajudam a equilibrar o ecossistema.<\/span>\u00a0O inseticida fica presente no ambiente por cerca de duas horas.<\/p>\n<p>O fumac\u00ea \u00e9 para matar o mosquito da dengue j\u00e1 adulto. \u00c9 uma medida adicional e uma forma complementar de preven\u00e7\u00e3o contra a picada do mosquito. A aplica\u00e7\u00e3o \u00e9 eficaz e n\u00e3o afeta a sa\u00fade humana.<\/p>\n<p><span class=\"intertitulo\"><strong>Dengue<\/strong><\/span><\/p>\n<p>O Minist\u00e9rio da Sa\u00fade registrou em 2024 no Brasil mais de 6 milh\u00f5es de casos de dengue. Por isso, \u00e9 importante que as pessoas adotem medidas contra a prolifera\u00e7\u00e3o de mosquitos, evitando deixar \u00e1gua parada em casa e tomando todos os cuidados necess\u00e1rios. Em S\u00e3o Jos\u00e9, os mun\u00edcipes podem solicitar fumac\u00ea pela central 156.<br \/>Mais orienta\u00e7\u00f5es na p\u00e1gina da secretaria de Sa\u00fade, aqui.<\/p>\n<p><sub><em>Equipes da Prefeitura trabalham em a\u00e7\u00f5es de preven\u00e7\u00e3o por toda a cidade | Foto: Cl\u00e1udio Vieira\/PSJC<\/em><\/sub><\/p>\n<p>&#13;<br \/>\n                        <strong>MAIS NOT\u00cdCIAS<\/strong><br \/>&#13;<br \/>\n                        Secretaria de Manuten\u00e7\u00e3o da Cidade&#13;\n                    <\/p>\n<\/p><\/div>\n","protected":false},"excerpt":{"rendered":"<p>Rosi Masiero&#13; &#13; Secretaria de Manuten\u00e7\u00e3o da Cidade A Prefeitura de S\u00e3o Jos\u00e9 dos Campos est\u00e1 refor\u00e7ando as a\u00e7\u00f5es de<\/p>\n","protected":false},"author":1,"featured_media":0,"comment_status":"","ping_status":"","sticky":false,"template":"","format":"standard","meta":{"colormag_page_container_layout":"default_layout","colormag_page_sidebar_layout":"default_layout","footnotes":""},"categories":[1],"tags":[],"class_list":["post-38620","post","type-post","status-publish","format-standard","hentry","category-sem-categoria"],"_links":{"self":[{"href":"https:\/\/euvivoaselecao.com.br\/index.php\/wp-json\/wp\/v2\/posts\/38620","targetHints":{"allow":["GET"]}}],"collection":[{"href":"https:\/\/euvivoaselecao.com.br\/index.php\/wp-json\/wp\/v2\/posts"}],"about":[{"href":"https:\/\/euvivoaselecao.com.br\/index.php\/wp-json\/wp\/v2\/types\/post"}],"author":[{"embeddable":true,"href":"https:\/\/euvivoaselecao.com.br\/index.php\/wp-json\/wp\/v2\/users\/1"}],"replies":[{"embeddable":true,"href":"https:\/\/euvivoaselecao.com.br\/index.php\/wp-json\/wp\/v2\/comments?post=38620"}],"version-history":[{"count":0,"href":"https:\/\/euvivoaselecao.com.br\/index.php\/wp-json\/wp\/v2\/posts\/38620\/revisions"}],"wp:attachment":[{"href":"https:\/\/euvivoaselecao.com.br\/index.php\/wp-json\/wp\/v2\/media?parent=38620"}],"wp:term":[{"taxonomy":"category","embeddable":true,"href":"https:\/\/euvivoaselecao.com.br\/index.php\/wp-json\/wp\/v2\/categories?post=38620"},{"taxonomy":"post_tag","embeddable":true,"href":"https:\/\/euvivoaselecao.com.br\/index.php\/wp-json\/wp\/v2\/tags?post=38620"}],"curies":[{"name":"wp","href":"https:\/\/api.w.org\/{rel}","templated":true}]}}