{"id":38655,"date":"2025-01-09T20:56:20","date_gmt":"2025-01-09T23:56:20","guid":{"rendered":"https:\/\/euvivoaselecao.com.br\/index.php\/2025\/01\/09\/alianca-intercidades-e-criada-para-desenvolver-parcerias-entre-votorantim-e-sorocaba-agencia-de-noticias\/"},"modified":"2025-01-09T20:56:20","modified_gmt":"2025-01-09T23:56:20","slug":"alianca-intercidades-e-criada-para-desenvolver-parcerias-entre-votorantim-e-sorocaba-agencia-de-noticias","status":"publish","type":"post","link":"https:\/\/euvivoaselecao.com.br\/index.php\/2025\/01\/09\/alianca-intercidades-e-criada-para-desenvolver-parcerias-entre-votorantim-e-sorocaba-agencia-de-noticias\/","title":{"rendered":"Alian\u00e7a Intercidades \u00e9 criada para desenvolver parcerias entre Votorantim e Sorocaba \u2013 Ag\u00eancia de Not\u00edcias"},"content":{"rendered":"<p><\/p>\n<div wp_automatic_readability=\"32\">\n<div class=\"col\" wp_automatic_readability=\"9\">\n<p class=\"mt-0\">\n                        <strong><br \/>\n                            <span class=\"far fa-calendar mr-1 mt-2\"\/><br \/>\n                            9 de janeiro de 2025<br \/>\n                            <span class=\"far fa-clock ml-3 mt-2\"\/><br \/>\n                            20:26<br \/>\n                        <\/strong>\n                    <\/p>\n<p class=\"mb-0\">Por: <strong>Parceria com a Secretaria de Comunica\u00e7\u00e3o de Votorantim<\/strong><\/p>\n<\/p><\/div>\n<\/p><\/div>\n<div wp_automatic_readability=\"74\">\n<p style=\"text-align: center;\"><em>O objetivo \u00e9 criar solu\u00e7\u00f5es para facilitar e melhorar a qualidade de vida dos moradores dos dois munic\u00edpios<\/em><\/p>\n<p>Votorantim e Sorocaba firmaram uma carta de inten\u00e7\u00e3o para a cria\u00e7\u00e3o da Alian\u00e7a Intercidades, um projeto de coopera\u00e7\u00e3o m\u00fatua para o desenvolvimento de a\u00e7\u00f5es entre os munic\u00edpios vizinhos. O objetivo da parceria \u00e9 criar solu\u00e7\u00f5es para facilitar e melhorar a qualidade de vida dos moradores das duas cidades.<\/p>\n<p>A assinatura da Alian\u00e7a Intercidades aconteceu na tarde desta quinta-feira (9) na sala de reuni\u00f5es do gabinete da Prefeitura de Votorantim. O encontro teve as presen\u00e7as dos prefeitos Weber Manga, de Votorantim, e Rodrigo Manga, de Sorocaba, acompanhados de secret\u00e1rios municipais dos dois munic\u00edpios.<\/p>\n<p>A carta de inten\u00e7\u00e3o ressalta que essa parceria deve fortalecer o desenvolvimento regional e a promo\u00e7\u00e3o da integra\u00e7\u00e3o administrativa. O texto ainda destaca o fomento do crescimento econ\u00f4mico sustent\u00e1vel, com a\u00e7\u00f5es conjuntas voltadas ao empreendedorismo, inova\u00e7\u00e3o e gera\u00e7\u00e3o de emprego e renda.<\/p>\n<p>Dois projetos voltados \u00e0 mobilidade urbana foram apresentados durante a reuni\u00e3o. Um deles trata de um estudo para a cria\u00e7\u00e3o de uma linha de \u00f4nibus ligando o Terminal Urbano Jo\u00e3o Souto, em Votorantim, ao Terminal S\u00e3o Paulo, em Sorocaba. O segundo \u00e9 estender a operacionaliza\u00e7\u00e3o de patinetes el\u00e9tricos para uso em Votorantim.<\/p>\n<p>As demais \u00e1reas de coopera\u00e7\u00e3o contidas na carta de inten\u00e7\u00e3o envolvem educa\u00e7\u00e3o e cultura, sa\u00fade e assist\u00eancia social, esporte e lazer, meio ambiente e sustentabilidade, infraestrutura, al\u00e9m de turismo e economia criativa.<\/p>\n<p><em>Fotos: Nath\u00e1lia Rodrigues<\/em><\/p>\n<p><!-- Root element of PhotoSwipe. Must have class pswp. --><\/p><\/div>\n","protected":false},"excerpt":{"rendered":"<p>9 de janeiro de 2025 20:26 Por: Parceria com a Secretaria de Comunica\u00e7\u00e3o de Votorantim O objetivo \u00e9 criar solu\u00e7\u00f5es<\/p>\n","protected":false},"author":1,"featured_media":0,"comment_status":"","ping_status":"","sticky":false,"template":"","format":"standard","meta":{"colormag_page_container_layout":"default_layout","colormag_page_sidebar_layout":"default_layout","footnotes":""},"categories":[1],"tags":[],"class_list":["post-38655","post","type-post","status-publish","format-standard","hentry","category-sem-categoria"],"_links":{"self":[{"href":"https:\/\/euvivoaselecao.com.br\/index.php\/wp-json\/wp\/v2\/posts\/38655","targetHints":{"allow":["GET"]}}],"collection":[{"href":"https:\/\/euvivoaselecao.com.br\/index.php\/wp-json\/wp\/v2\/posts"}],"about":[{"href":"https:\/\/euvivoaselecao.com.br\/index.php\/wp-json\/wp\/v2\/types\/post"}],"author":[{"embeddable":true,"href":"https:\/\/euvivoaselecao.com.br\/index.php\/wp-json\/wp\/v2\/users\/1"}],"replies":[{"embeddable":true,"href":"https:\/\/euvivoaselecao.com.br\/index.php\/wp-json\/wp\/v2\/comments?post=38655"}],"version-history":[{"count":0,"href":"https:\/\/euvivoaselecao.com.br\/index.php\/wp-json\/wp\/v2\/posts\/38655\/revisions"}],"wp:attachment":[{"href":"https:\/\/euvivoaselecao.com.br\/index.php\/wp-json\/wp\/v2\/media?parent=38655"}],"wp:term":[{"taxonomy":"category","embeddable":true,"href":"https:\/\/euvivoaselecao.com.br\/index.php\/wp-json\/wp\/v2\/categories?post=38655"},{"taxonomy":"post_tag","embeddable":true,"href":"https:\/\/euvivoaselecao.com.br\/index.php\/wp-json\/wp\/v2\/tags?post=38655"}],"curies":[{"name":"wp","href":"https:\/\/api.w.org\/{rel}","templated":true}]}}