{"id":38825,"date":"2025-01-14T21:29:15","date_gmt":"2025-01-15T00:29:15","guid":{"rendered":"https:\/\/euvivoaselecao.com.br\/index.php\/2025\/01\/14\/educacao-abre-processo-seletivo-para-auxiliar-de-educacao-infantil-merendeira-e-agente-operacional-prefeitura-municipal-de-bonito\/"},"modified":"2025-01-14T21:29:15","modified_gmt":"2025-01-15T00:29:15","slug":"educacao-abre-processo-seletivo-para-auxiliar-de-educacao-infantil-merendeira-e-agente-operacional-prefeitura-municipal-de-bonito","status":"publish","type":"post","link":"https:\/\/euvivoaselecao.com.br\/index.php\/2025\/01\/14\/educacao-abre-processo-seletivo-para-auxiliar-de-educacao-infantil-merendeira-e-agente-operacional-prefeitura-municipal-de-bonito\/","title":{"rendered":"Educa\u00e7\u00e3o abre processo seletivo para Auxiliar de Educa\u00e7\u00e3o Infantil, Merendeira e Agente Operacional &#8211; Prefeitura Municipal de Bonito"},"content":{"rendered":"<p><\/p>\n<div>\n<div class=\"td-post-featured-image\"><\/div>\n<p>A Secretaria Municipal de Educa\u00e7\u00e3o e Cultura (Semec), por meio da Comiss\u00e3o Municipal Especial do Processo Seletivo Simplificado, informa que est\u00e3o abertas as inscri\u00e7\u00f5es para o  Processo Seletivo Simplificado para contrata\u00e7\u00e3o de pessoal, em car\u00e1ter excepcional e tempor\u00e1rio, objetivando atender \u00e0s necessidades de excepcional interesse da Rede Municipal de Ensino de Bonito\/MS, para os cargos de Auxiliar de Educa\u00e7\u00e3o Infantil, Merendeira, Agente Operacional, com carga hor\u00e1ria de 40 horas semanais e sal\u00e1rio de R$ 1518,00 visando atuar, nos Centros Municipais de Educa\u00e7\u00e3o Infantil e Escolas Municipais na \u00e1rea urbana e rural, de acordo com a demanda da Secretaria.<\/p>\n<p>A inscri\u00e7\u00e3o \u00e9 gratuita e dever\u00e1 ser realiza no per\u00edodo de 13 a 17\/01\/2025 das 7h \u00e0s 13h, exclusivamente na Secretaria Municipal de Educa\u00e7\u00e3o e Cultura, localizada a Rua Nossa Senhora Aparecida, 829,1\u00ba andar, apto 02 e 03, Bairro Alvorada. A inscri\u00e7\u00e3o ser\u00e1 efetuada presencial e exclusivamente pelo candidato, n\u00e3o ser\u00e1 permitido inscri\u00e7\u00f5es realizadas \u201cpor terceiros\u201d. Somente ser\u00e1 permitida ao candidato a realiza\u00e7\u00e3o de UMA \u00daNICA INSCRI\u00c7\u00c3O no presente Processo Seletivo Simplificado.<\/p>\n<p>Para efeito de classifica\u00e7\u00e3o, a atribui\u00e7\u00e3o de pontos dar-se-\u00e1 por meio de t\u00edtulos declarados no ato da inscri\u00e7\u00e3o (o candidato receber\u00e1 comprovante de inscri\u00e7\u00e3o e comprobat\u00f3rio do n\u00famero de t\u00edtulos entregues) obedecendo os crit\u00e9rios definidos no Anexo II deste Edital.<br \/>6.2 A nota da Prova de T\u00edtulos ser\u00e1 a soma dos pontos obtidos com a titula\u00e7\u00e3o apresentada.<\/p>\n<p>O Processo Seletivo Simplificado para contrata\u00e7\u00e3o tempor\u00e1ria de servidores ser\u00e1 regido por este edital, ter\u00e1 validade para o ano letivo de 2025, podendo ser prorrogado para o ano letivo 2026, sob a supervis\u00e3o da Comiss\u00e3o Municipal Especial do Processo Seletivo Simplificado, designada pelo Decreto Municipal n\u00ba 01, de 07 de janeiro de 2025.<\/p>\n<p>Para maiores informa\u00e7\u00f5es acesse o edital completo, dispon\u00edvel no Di\u00e1rio Oficial dos Munic\u00edpios, na edi\u00e7\u00e3o de segunda-feira (13 de janeiro de 2025). <\/p>\n<\/p><\/div>\n","protected":false},"excerpt":{"rendered":"<p>A Secretaria Municipal de Educa\u00e7\u00e3o e Cultura (Semec), por meio da Comiss\u00e3o Municipal Especial do Processo Seletivo Simplificado, informa que<\/p>\n","protected":false},"author":1,"featured_media":0,"comment_status":"","ping_status":"","sticky":false,"template":"","format":"standard","meta":{"colormag_page_container_layout":"default_layout","colormag_page_sidebar_layout":"default_layout","footnotes":""},"categories":[1],"tags":[],"class_list":["post-38825","post","type-post","status-publish","format-standard","hentry","category-sem-categoria"],"_links":{"self":[{"href":"https:\/\/euvivoaselecao.com.br\/index.php\/wp-json\/wp\/v2\/posts\/38825","targetHints":{"allow":["GET"]}}],"collection":[{"href":"https:\/\/euvivoaselecao.com.br\/index.php\/wp-json\/wp\/v2\/posts"}],"about":[{"href":"https:\/\/euvivoaselecao.com.br\/index.php\/wp-json\/wp\/v2\/types\/post"}],"author":[{"embeddable":true,"href":"https:\/\/euvivoaselecao.com.br\/index.php\/wp-json\/wp\/v2\/users\/1"}],"replies":[{"embeddable":true,"href":"https:\/\/euvivoaselecao.com.br\/index.php\/wp-json\/wp\/v2\/comments?post=38825"}],"version-history":[{"count":0,"href":"https:\/\/euvivoaselecao.com.br\/index.php\/wp-json\/wp\/v2\/posts\/38825\/revisions"}],"wp:attachment":[{"href":"https:\/\/euvivoaselecao.com.br\/index.php\/wp-json\/wp\/v2\/media?parent=38825"}],"wp:term":[{"taxonomy":"category","embeddable":true,"href":"https:\/\/euvivoaselecao.com.br\/index.php\/wp-json\/wp\/v2\/categories?post=38825"},{"taxonomy":"post_tag","embeddable":true,"href":"https:\/\/euvivoaselecao.com.br\/index.php\/wp-json\/wp\/v2\/tags?post=38825"}],"curies":[{"name":"wp","href":"https:\/\/api.w.org\/{rel}","templated":true}]}}