{"id":38938,"date":"2025-01-16T15:42:28","date_gmt":"2025-01-16T18:42:28","guid":{"rendered":"https:\/\/euvivoaselecao.com.br\/index.php\/2025\/01\/16\/com-nova-frota-de-veiculos-e-reforco-de-servidores-iagro-amplia-e-fortalece-fiscalizacao-em-ms\/"},"modified":"2025-01-16T15:42:28","modified_gmt":"2025-01-16T18:42:28","slug":"com-nova-frota-de-veiculos-e-reforco-de-servidores-iagro-amplia-e-fortalece-fiscalizacao-em-ms","status":"publish","type":"post","link":"https:\/\/euvivoaselecao.com.br\/index.php\/2025\/01\/16\/com-nova-frota-de-veiculos-e-reforco-de-servidores-iagro-amplia-e-fortalece-fiscalizacao-em-ms\/","title":{"rendered":"Com nova frota de ve\u00edculos e refor\u00e7o de servidores, Iagro amplia e fortalece fiscaliza\u00e7\u00e3o em MS"},"content":{"rendered":"<p><\/p>\n<div>\n<p>Para ampliar a fiscaliza\u00e7\u00e3o da Iagro (Ag\u00eancia Estadual de Defesa Sanit\u00e1ria Animal e Vegetal) o governador Eduardo Riedel entregou 23 novos ve\u00edculos \u00e0 institui\u00e7\u00e3o, que ainda vai contar com 29 novos m\u00e9dicos-veterin\u00e1rios, que v\u00e3o atuar na fun\u00e7\u00e3o de fiscais estaduais agropecu\u00e1rios. Todo este refor\u00e7o vai contribuir para que Mato Grosso do Sul receba o reconhecimento internacional de zona livre de febre aftosa sem vacina\u00e7\u00e3o.<\/p>\n<p>A solenidade de entrega das chaves e apresenta\u00e7\u00e3o dos novos servidores ocorreu nesta quinta-feira (16), na sede da Iagro, em Campo Grande. \u201cOs novos ve\u00edculos que chegaram s\u00e3o ferramentas importantes de trabalhos, preparados para chegar em qualquer lugar do nosso Estado, mesmo as \u00e1reas mais remotas como Pantanal e nossos t\u00e9cnicos far\u00e3o bom uso dela. Assim a Iagro ter\u00e1 uma frota adequada, moderna e atual para atuar\u201d, afirmou o governador.<\/p>\n<figure id=\"attachment_500922\" aria-describedby=\"caption-attachment-500922\" style=\"width: 1024px\" class=\"wp-caption aligncenter\"><figcaption id=\"caption-attachment-500922\" class=\"wp-caption-text\"><em>Governador durante discurso na Iagro<\/em><\/figcaption><\/figure>\n<p>A aquisi\u00e7\u00e3o de 23 novos ve\u00edculos \u00e9 o resultado de um investimento de cerca de R$ 6 milh\u00f5es em recursos estaduais. Eles ser\u00e3o distribu\u00eddos entre as 11 regionais da ag\u00eancia, com o objetivo de modernizar as opera\u00e7\u00f5es e garantir maior efici\u00eancia nas a\u00e7\u00f5es de fiscaliza\u00e7\u00e3o.<\/p>\n<p>\u201cA quest\u00e3o da nova frota vai seguir usando os crit\u00e9rios da meritocracia. Temos um sistema que mostra que fiscal fez mais fiscaliza\u00e7\u00f5es em determinada \u00e1rea, este servidor por exemplo vai ser presenteado com uma nova ferramenta, que seja mais adequada para seu trabalho. Esta a\u00e7\u00e3o segue nossa linha de meritocracia e inclus\u00e3o do produtor dentro do nosso sistema de trabalho\u201d, destacou o diretor-presidente da Iagro, Daniel Ingold.<\/p>\n<figure id=\"attachment_500913\" aria-describedby=\"caption-attachment-500913\" style=\"width: 1024px\" class=\"wp-caption aligncenter\"><figcaption id=\"caption-attachment-500913\" class=\"wp-caption-text\"><em>Novos ve\u00edculos v\u00e3o refor\u00e7ar Iagro <\/em><\/figcaption><\/figure>\n<p><strong>Novos servidores<\/strong><\/p>\n<p>Durante o evento teve a apresenta\u00e7\u00e3o dos novos fiscais estaduais agropecu\u00e1rios, que foram aprovados no \u00faltimo concurso p\u00fablico. S\u00e3o 29 m\u00e9dicos-veterin\u00e1rios, que v\u00e3o atender 25 munic\u00edpios do estado, para tornar a fiscaliza\u00e7\u00e3o da Iagro mais eficiente e assim promover o desenvolvimento sustent\u00e1vel das atividades agropecu\u00e1rias.<\/p>\n<p>Os munic\u00edpios beneficiados s\u00e3o: Amambai, Aral Moreira, Coronel Sapucaia, Paranhos, Sete Quedas, Corumb\u00e1, Dois Irm\u00e3os do Buriti, Bodoquena, Camapu\u00e3, Sidrol\u00e2ndia, Parana\u00edba, Inoc\u00eancia, Coxim, Pedro Gomes, Rio Negro, Rio Verde, Deod\u00e1polis, Itaquira\u00ed, Juti, Nova Andradina, Novo Horizonte do Sul, Bela Vista, Porto Murtinho, \u00c1gua Clara e Santa Rita do Pardo.<\/p>\n<p>\u201cHoje n\u00f3s temos um sistema de vigil\u00e2ncia que abrange todo o Estado, que define quais s\u00e3o os quadrantes de risco, que precisa de mais vigil\u00e2ncia. Dentro disto todo este monitoramento direciona onde os t\u00e9cnicos devem atuar com efici\u00eancia e seguran\u00e7a. O momento \u00e9 de dar boas-vindas aos nossos concursados, que acabaram de entrar na nossa institui\u00e7\u00e3o e far\u00e3o parte deste trabalho\u201d, explicou Ingold.<\/p>\n<div id=\"gallery-1\" class=\"gallery galleryid-500902 gallery-columns-2 gallery-size-large\">\n<figure class=\"gallery-item\">\n<div class=\"gallery-icon landscape\"><\/div>\n<\/figure><\/div>\n<p><strong>Reconhecimento<\/strong><\/p>\n<p>Todo este trabalho coletivo e refor\u00e7o na fiscaliza\u00e7\u00e3o da Iagro v\u00e3o contribuir para Mato Grosso do Sul buscar o reconhecimento internacional como zona livre de febre aftosa sem vacina\u00e7\u00e3o, que poder\u00e1 ser concedido pela OMSA (Organiza\u00e7\u00e3o Mundial de Sa\u00fade Animal), em maio na Fran\u00e7a.<\/p>\n<p>\u201cUma conquista do Estado do Mato Grosso do Sul, onde a Iagro e Semadesc foram muito protagonistas. Assim como o produtor rural que no seu dia a dia fez o dever de casa, conquistou e fez por merecer este status, que \u00e9 um benef\u00edcio da pr\u00f3pria produ\u00e7\u00e3o, pois assim consegue atingir novos mercados e valorizar nossos produtos\u201d, disse o governador.<\/p>\n<figure id=\"attachment_500917\" aria-describedby=\"caption-attachment-500917\" style=\"width: 1024px\" class=\"wp-caption aligncenter\"><figcaption id=\"caption-attachment-500917\" class=\"wp-caption-text\"><em>Governador confere monitoramento feito pela Iagro<\/em><\/figcaption><\/figure>\n<p>O secret\u00e1rio da Semadesc (Secretaria de Meio Ambiente, Desenvolvimento, Ci\u00eancia, Tecnologia e Inova\u00e7\u00e3o), Jaime Veruck, avalia que este reconhecimento poder\u00e1 vir com todo um trabalho coletivo, que contou com um processo de qualifica\u00e7\u00e3o da Iagro, j\u00e1 que ao tirar a vacina (aftosa), teve que fortalecer a vigil\u00e2ncia.<\/p>\n<p>\u201cQuando o Estado tomou a decis\u00e3o de ser uma zona livre de aftosa, sem vacina\u00e7\u00e3o, n\u00f3s tivemos que cumprir uma s\u00e9rie de requisitos, porque ao tirar a vacina, precisa qualificar a vigil\u00e2ncia. Isto segue com uma educa\u00e7\u00e3o do produtor rural, dispondo de um sistema robusto de intelig\u00eancia para monitorar toda esta estrutura de rebanho no Estado\u201d.<\/p>\n<p>Ele destaca que este trabalho eficiente teve reconhecimento do Minist\u00e9rio da Agricultura e Pecu\u00e1ria, com a Iagro tendo a melhor nota do pa\u00eds em rela\u00e7\u00e3o as ag\u00eancias de vigil\u00e2ncia. \u201cTodo este material \u00e9 levado para Organiza\u00e7\u00e3o Mundial de Sa\u00fade Animal. Em maio vai ter esta avalia\u00e7\u00e3o internacional. O impacto disto \u00e9 a abertura de mercado nacional e internacional\u201d.<\/p>\n<figure id=\"attachment_500923\" aria-describedby=\"caption-attachment-500923\" style=\"width: 1024px\" class=\"wp-caption aligncenter\"><figcaption id=\"caption-attachment-500923\" class=\"wp-caption-text\"><em>Governador entregou as chaves dos novos ve\u00edculos<\/em><\/figcaption><\/figure>\n<p><em>Leonardo Rocha, Comunica\u00e7\u00e3o do Governo de MS<\/em><br \/><em>Fotos: Saul Schramm<\/em><\/p>\n<p><strong>ATEN\u00c7\u00c3O<\/strong>: confira <span style=\"color: #0000ff;\">aqui o pack imprensa<\/span> com as imagens de apoio\u00a0<\/p>\n<\/div>\n","protected":false},"excerpt":{"rendered":"<p>Para ampliar a fiscaliza\u00e7\u00e3o da Iagro (Ag\u00eancia Estadual de Defesa Sanit\u00e1ria Animal e Vegetal) o governador Eduardo Riedel entregou 23<\/p>\n","protected":false},"author":1,"featured_media":0,"comment_status":"","ping_status":"","sticky":false,"template":"","format":"standard","meta":{"colormag_page_container_layout":"default_layout","colormag_page_sidebar_layout":"default_layout","footnotes":""},"categories":[1],"tags":[],"class_list":["post-38938","post","type-post","status-publish","format-standard","hentry","category-sem-categoria"],"_links":{"self":[{"href":"https:\/\/euvivoaselecao.com.br\/index.php\/wp-json\/wp\/v2\/posts\/38938","targetHints":{"allow":["GET"]}}],"collection":[{"href":"https:\/\/euvivoaselecao.com.br\/index.php\/wp-json\/wp\/v2\/posts"}],"about":[{"href":"https:\/\/euvivoaselecao.com.br\/index.php\/wp-json\/wp\/v2\/types\/post"}],"author":[{"embeddable":true,"href":"https:\/\/euvivoaselecao.com.br\/index.php\/wp-json\/wp\/v2\/users\/1"}],"replies":[{"embeddable":true,"href":"https:\/\/euvivoaselecao.com.br\/index.php\/wp-json\/wp\/v2\/comments?post=38938"}],"version-history":[{"count":0,"href":"https:\/\/euvivoaselecao.com.br\/index.php\/wp-json\/wp\/v2\/posts\/38938\/revisions"}],"wp:attachment":[{"href":"https:\/\/euvivoaselecao.com.br\/index.php\/wp-json\/wp\/v2\/media?parent=38938"}],"wp:term":[{"taxonomy":"category","embeddable":true,"href":"https:\/\/euvivoaselecao.com.br\/index.php\/wp-json\/wp\/v2\/categories?post=38938"},{"taxonomy":"post_tag","embeddable":true,"href":"https:\/\/euvivoaselecao.com.br\/index.php\/wp-json\/wp\/v2\/tags?post=38938"}],"curies":[{"name":"wp","href":"https:\/\/api.w.org\/{rel}","templated":true}]}}