{"id":38977,"date":"2025-01-17T05:15:43","date_gmt":"2025-01-17T08:15:43","guid":{"rendered":"https:\/\/euvivoaselecao.com.br\/index.php\/2025\/01\/17\/felipe-silva-goncalves-paludo-apitara-boavista-x-vasco-paulo-renato-moreira-da-silva-coelho-sera-o-var\/"},"modified":"2025-01-17T05:15:43","modified_gmt":"2025-01-17T08:15:43","slug":"felipe-silva-goncalves-paludo-apitara-boavista-x-vasco-paulo-renato-moreira-da-silva-coelho-sera-o-var","status":"publish","type":"post","link":"https:\/\/euvivoaselecao.com.br\/index.php\/2025\/01\/17\/felipe-silva-goncalves-paludo-apitara-boavista-x-vasco-paulo-renato-moreira-da-silva-coelho-sera-o-var\/","title":{"rendered":"Felipe Silva Gon\u00e7alves Paludo apitar\u00e1 Boavista x Vasco; Paulo Renato Moreira da Silva Coelho ser\u00e1 o VAR"},"content":{"rendered":"<p><\/p>\n<div id=\"post-69601\">\n<div class=\"clearfix entry-content\">\n<p>Felipe Silva Gon\u00e7alves Paludo apitar\u00e1 Boavista x Vasco; Paulo Renato Moreira da Silva Coelho ser\u00e1 o VAR  \t\t\t\t\t\t                        Quinta-feira, 16\/01\/2025  \u2013 19:48                              \t\t\t\t\tAten\u00e7\u00e3o, Vasca\u00ednos! @AVascainos <br \/>ARBITRAGEM <br \/>Definida a arbitragem para a terceira rodada do Campeonato Carioca. Para o jogo entre Vasco e Boavista, o escolhido foi Felipe Silva Gon\u00e7alves Paludo. O VAR ter\u00e1 a responsabilidade de Paulo Renato Moreira da Silva Coelho. Confira a equipe completa: <\/p>\n<p>Fonte: X Aten\u00e7\u00e3o Vasca\u00ednos<\/p>\n<div class=\"sharedaddy sd-block sd-like jetpack-likes-widget-wrapper jetpack-likes-widget-unloaded\" id=\"like-post-wrapper-173292096-69601-678a124b0b56e\" data-src=\"https:\/\/widgets.wp.com\/likes\/?ver=14.2.1#blog_id=173292096&amp;post_id=69601&amp;origin=vasconet.com.br&amp;obj_id=173292096-69601-678a124b0b56e&amp;n=1\" data-name=\"like-post-frame-173292096-69601-678a124b0b56e\" data-title=\"Curtir ou reblogar\">\n<h3 class=\"sd-title\">Curtir isso:<\/h3>\n<p><span class=\"button\"><span>Curtir<\/span><\/span> <span class=\"loading\">Carregando&#8230;<\/span><\/p>\n<p><span class=\"sd-text-color\"><\/span><\/div>\n<\/p>\n<h3 class=\"jp-relatedposts-headline\"><em>Relacionado<\/em><\/h3>\n<p><!-- CONTENT END 2 --><br \/>\n\t\t\t<!-- .entry-content --><\/div>\n<p><!-- #post-69601 --><\/div>\n","protected":false},"excerpt":{"rendered":"<p>Felipe Silva Gon\u00e7alves Paludo apitar\u00e1 Boavista x Vasco; Paulo Renato Moreira da Silva Coelho ser\u00e1 o VAR Quinta-feira, 16\/01\/2025 \u2013<\/p>\n","protected":false},"author":1,"featured_media":0,"comment_status":"","ping_status":"","sticky":false,"template":"","format":"standard","meta":{"colormag_page_container_layout":"default_layout","colormag_page_sidebar_layout":"default_layout","footnotes":""},"categories":[1],"tags":[],"class_list":["post-38977","post","type-post","status-publish","format-standard","hentry","category-sem-categoria"],"_links":{"self":[{"href":"https:\/\/euvivoaselecao.com.br\/index.php\/wp-json\/wp\/v2\/posts\/38977","targetHints":{"allow":["GET"]}}],"collection":[{"href":"https:\/\/euvivoaselecao.com.br\/index.php\/wp-json\/wp\/v2\/posts"}],"about":[{"href":"https:\/\/euvivoaselecao.com.br\/index.php\/wp-json\/wp\/v2\/types\/post"}],"author":[{"embeddable":true,"href":"https:\/\/euvivoaselecao.com.br\/index.php\/wp-json\/wp\/v2\/users\/1"}],"replies":[{"embeddable":true,"href":"https:\/\/euvivoaselecao.com.br\/index.php\/wp-json\/wp\/v2\/comments?post=38977"}],"version-history":[{"count":0,"href":"https:\/\/euvivoaselecao.com.br\/index.php\/wp-json\/wp\/v2\/posts\/38977\/revisions"}],"wp:attachment":[{"href":"https:\/\/euvivoaselecao.com.br\/index.php\/wp-json\/wp\/v2\/media?parent=38977"}],"wp:term":[{"taxonomy":"category","embeddable":true,"href":"https:\/\/euvivoaselecao.com.br\/index.php\/wp-json\/wp\/v2\/categories?post=38977"},{"taxonomy":"post_tag","embeddable":true,"href":"https:\/\/euvivoaselecao.com.br\/index.php\/wp-json\/wp\/v2\/tags?post=38977"}],"curies":[{"name":"wp","href":"https:\/\/api.w.org\/{rel}","templated":true}]}}