{"id":38978,"date":"2025-01-17T05:54:03","date_gmt":"2025-01-17T08:54:03","guid":{"rendered":"https:\/\/euvivoaselecao.com.br\/index.php\/2025\/01\/17\/criancas-e-adolescentes-de-residenciais-participam-de-oficina-de-futebol-de-campo\/"},"modified":"2025-01-17T05:54:03","modified_gmt":"2025-01-17T08:54:03","slug":"criancas-e-adolescentes-de-residenciais-participam-de-oficina-de-futebol-de-campo","status":"publish","type":"post","link":"https:\/\/euvivoaselecao.com.br\/index.php\/2025\/01\/17\/criancas-e-adolescentes-de-residenciais-participam-de-oficina-de-futebol-de-campo\/","title":{"rendered":"Crian\u00e7as e adolescentes de residenciais participam de oficina de futebol de campo"},"content":{"rendered":"<p><\/p>\n<div>\n<h5 class=\"text-primary\">Col\u00f4nia de F\u00e9rias<\/h5>\n<p>                        <!-- Mostra o t&iacute;tulo como um link para o link permanente do post --><\/p>\n<h2 class=\"mb-3\">Crian\u00e7as e adolescentes de residenciais participam de oficina de futebol de campo<\/h2>\n<p class=\"text-secondary font-italic mb-3 p-0\">&#13;<br \/>\n                            <i class=\"fa fa-calendar\"\/> 16\/01\/2025 | &#13;<br \/>\n                            <i class=\"fa fa-clock-o\"\/> 18:00 |&#13;<br \/>\n                            <i class=\"fa fa-eye\"\/> 164                        <\/p>\n<p>                        <!-- Mostra o conte&uacute;do do post em uma DIV --><\/p>\n<div class=\"\">\n<p>A Col\u00f4nia de F\u00e9rias promovida pela Secretaria Municipal de Habita\u00e7\u00e3o Social (Semhab) mobilizou, nesta quinta-feira (16), crian\u00e7as e adolescentes dos Residenciais Vista do Verde I e II, no Bairro das Ind\u00fastrias, com a promo\u00e7\u00e3o de uma oficina de futebol de campo, na Arena de Futebol Society, do bairro do Grot\u00e3o. A Col\u00f4nia de F\u00e9rias \u00e9 uma iniciativa da Prefeitura de Jo\u00e3o Pessoa, por meio das Secretarias de Habita\u00e7\u00e3o Social e de Juventude, Esporte e Recrea\u00e7\u00e3o (Sejer).<\/p>\n<figure class=\"wp-block-gallery has-nested-images columns-default is-cropped wp-block-gallery-1 is-layout-flex wp-block-gallery-is-layout-flex\">\n<figure class=\"wp-block-image size-large\"><\/figure>\n<figure class=\"wp-block-image size-large\"><\/figure>\n<figure class=\"wp-block-image size-large\"><\/figure>\n<figure class=\"wp-block-image size-large\"><\/figure>\n<\/figure>\n<p>\u201cA Col\u00f4nia de F\u00e9rias acontece anualmente com o objetivo de ocupar o tempo dos jovens com atividades esportivas e recreativas, mas tamb\u00e9m tem um car\u00e1ter did\u00e1tico. Antes das atividades pr\u00e1ticas, \u00e9 feito um hist\u00f3rico da modalidade esportiva explicando as origens e as regras que s\u00e3o obedecidas para um bom resultado daquele esporte\u201d, explicou a secret\u00e1ria de Habita\u00e7\u00e3o Social de Jo\u00e3o Pessoa, Socorro Gadelha.<\/p>\n<p>A secret\u00e1ria contou que essa \u00e9 a segunda semana de mobiliza\u00e7\u00e3o dos jovens na col\u00f4nia, ressaltando que eles se engajam nas atividades. \u201cO que \u00e9 bem gratificante para n\u00f3s que estamos promovendo o evento. A oficina de futebol desta quinta-feira foi coordenada pelos professores Junior Black e Nildo Lucena, da Equipe T\u00e9cnica e Social da Semhab. Quando a Prefeitura de Jo\u00e3o Pessoa faz a entrega de uma moradia, assume tamb\u00e9m o compromisso de mudar o cotidiano das pessoas e oferecer uma qualidade de vida melhor. Essa \u00e9 uma das marcas da gest\u00e3o do prefeito C\u00edcero Lucena\u201d, complementou.<\/p>\n<figure class=\"wp-block-gallery has-nested-images columns-default is-cropped wp-block-gallery-2 is-layout-flex wp-block-gallery-is-layout-flex\">\n<figure class=\"wp-block-image size-large\"><\/figure>\n<figure class=\"wp-block-image size-large\"><\/figure>\n<\/figure>\n<p>Nesta sexta-feira (17), a Col\u00f4nia de F\u00e9rias segue com atividades para as crian\u00e7as e vai promover um torneio de pipa. \u201c\u00c9 um tipo de brincadeira que vem marcando a inf\u00e2ncia de muita gente ao longo dos anos, mas que ainda \u00e9 fascinante ver aquele pequeno brinquedo de papel subindo e deslizando no vento. Tenho certeza que todos v\u00e3o amar\u201d, frisou Socorro Gadelha.<\/p>\n<\/p><\/div>\n<\/p><\/div>\n","protected":false},"excerpt":{"rendered":"<p>Col\u00f4nia de F\u00e9rias Crian\u00e7as e adolescentes de residenciais participam de oficina de futebol de campo &#13; 16\/01\/2025 | &#13; 18:00<\/p>\n","protected":false},"author":1,"featured_media":0,"comment_status":"","ping_status":"","sticky":false,"template":"","format":"standard","meta":{"colormag_page_container_layout":"default_layout","colormag_page_sidebar_layout":"default_layout","footnotes":""},"categories":[1],"tags":[],"class_list":["post-38978","post","type-post","status-publish","format-standard","hentry","category-sem-categoria"],"_links":{"self":[{"href":"https:\/\/euvivoaselecao.com.br\/index.php\/wp-json\/wp\/v2\/posts\/38978","targetHints":{"allow":["GET"]}}],"collection":[{"href":"https:\/\/euvivoaselecao.com.br\/index.php\/wp-json\/wp\/v2\/posts"}],"about":[{"href":"https:\/\/euvivoaselecao.com.br\/index.php\/wp-json\/wp\/v2\/types\/post"}],"author":[{"embeddable":true,"href":"https:\/\/euvivoaselecao.com.br\/index.php\/wp-json\/wp\/v2\/users\/1"}],"replies":[{"embeddable":true,"href":"https:\/\/euvivoaselecao.com.br\/index.php\/wp-json\/wp\/v2\/comments?post=38978"}],"version-history":[{"count":0,"href":"https:\/\/euvivoaselecao.com.br\/index.php\/wp-json\/wp\/v2\/posts\/38978\/revisions"}],"wp:attachment":[{"href":"https:\/\/euvivoaselecao.com.br\/index.php\/wp-json\/wp\/v2\/media?parent=38978"}],"wp:term":[{"taxonomy":"category","embeddable":true,"href":"https:\/\/euvivoaselecao.com.br\/index.php\/wp-json\/wp\/v2\/categories?post=38978"},{"taxonomy":"post_tag","embeddable":true,"href":"https:\/\/euvivoaselecao.com.br\/index.php\/wp-json\/wp\/v2\/tags?post=38978"}],"curies":[{"name":"wp","href":"https:\/\/api.w.org\/{rel}","templated":true}]}}