{"id":39051,"date":"2025-01-18T04:31:49","date_gmt":"2025-01-18T07:31:49","guid":{"rendered":"https:\/\/euvivoaselecao.com.br\/index.php\/2025\/01\/18\/souza-deve-ganhar-mais-oportunidades-na-zaga-do-vasco\/"},"modified":"2025-01-18T04:31:49","modified_gmt":"2025-01-18T07:31:49","slug":"souza-deve-ganhar-mais-oportunidades-na-zaga-do-vasco","status":"publish","type":"post","link":"https:\/\/euvivoaselecao.com.br\/index.php\/2025\/01\/18\/souza-deve-ganhar-mais-oportunidades-na-zaga-do-vasco\/","title":{"rendered":"Souza deve ganhar mais oportunidades na zaga do Vasco"},"content":{"rendered":"<p><\/p>\n<div>\n<p>Souza deve ganhar mais oportunidades na zaga do Vasco  \t\t\t\t\t\t                        Sexta-feira, 17\/01\/2025  \u2013 14:05                              \t\t\t\t\tSouza atuou do in\u00edcio ao fim no empate em 0 a 0 contra o Bangu nesta quinta-feira, em S\u00e3o Janu\u00e1rio, pela segunda rodada do Campeonato Carioca. Esta foi a primeira vez que ele completou um jogo inteiro em seu retorno ao Vasco. Desta vez, o volante foi utilizado de zagueiro durante toda a partida, em fun\u00e7\u00e3o a qual o jogador j\u00e1 havia pedido para atuar no clube. <\/p>\n<p>Em dezembro de 2024, Souza revelou que havia conversado com Rafael Paiva, ex-t\u00e9cnico do clube, e pedido para atuar como zagueiro. Segundo o atleta, ele treinou nos \u00faltimos dois meses nesta fun\u00e7\u00e3o, mas n\u00e3o recebeu oportunidades. <\/p>\n<p>\u2014 Estou h\u00e1 mais de dois meses treinando na zaga. Conversei com Paiva na \u00e9poca que poderia ajudar bem mais ali como central pela minha sa\u00edda de bola, ainda tenho velocidade, sou alto, tenho impuls\u00e3o \u2014 disse Souza no dia 10 de dezembro de 2024. <\/p>\n<p><iframe><\/iframe>Souza diz que treina h\u00e1 dois meses como zagueiro no Vasco: \u201cPosso ajudar muito bem\u201d <\/p>\n<p>Nesta quinta-feira, Souza n\u00e3o s\u00f3 recebeu sua primeira oportunidade no Vasco como zagueiro, mas tamb\u00e9m fez a primeira partida completa, come\u00e7ando como titular e terminando sem ser substitu\u00eddo. At\u00e9 ent\u00e3o, nos cinco jogos que Souza havia atuado pelo clube, somente em um ele havia sido titular \u2014 contra o Bragantino, no segundo turno do Brasileir\u00e3o do ano passado. Na ocasi\u00e3o, ele saiu no intervalo do jogo. Ao todo, foram apenas 126 minutos em campo em toda a temporada 2024. <\/p>\n<p>Souza se reapresentou antes do grupo principal voltar \u00e0s atividades da pr\u00e9-temporada e recebeu oportunidade nesta quinta-feira, ap\u00f3s uma conversa entre Ramon Lima, t\u00e9cnico do Sub-20 que comanda o Vasco nas primeiras rodadas do Carioca, e F\u00e1bio Carille, novo treinador do clube. Ficou decidido que a equipe precisava dar minutagem a alguns jogadores, e Souza estava entre eles. <\/p>\n<p>Como Lyncon foi cedido pelo grupo que disputava as primeiras rodadas do Carioca para a disputa da Copa S\u00e3o Paulo de Futebol J\u00fanior na quarta, na vit\u00f3ria do Vasco contra o Cear\u00e1, Souza foi titular contra o Bangu e teve atua\u00e7\u00e3o correta. Lyncon seguir\u00e1 com o time da Copinha at\u00e9 o fim de semana, ent\u00e3o o volante de 35 anos deve ganhar mais uma oportunidade na defesa. <\/p>\n<p>Souza busca um recome\u00e7o no Vasco. Contratado no meio do ano passado, o jogador s\u00f3 atuou em cinco partidas em 2024 e conviveu com per\u00edodos em que sequer era relacionado para as partidas. A expuls\u00e3o no jogo contra o Juventude marcou a \u00faltima partida do volante na temporada. <\/p>\n<p>Em entrevista em dezembro de 2024, Souza disse que sofreu com a adapta\u00e7\u00e3o, depois de um per\u00edodo longe do Brasil e de recupera\u00e7\u00e3o de uma les\u00e3o que o afetou. Ele disse que j\u00e1 atuou como zagueiro na carreira e que em 2025 as coisas ser\u00e3o melhores. <\/p>\n<p>\u2014 J\u00e1 joguei na Turquia alguns jogos de zagueiro, mas n\u00e3o queria, porque tinha uma condi\u00e7\u00e3o f\u00edsica que podia correr para todos os lados, queria fazer gol. Mas hoje, olhando para a minha condi\u00e7\u00e3o atual, acho que poderia ajudar o clube muito bem nessa posi\u00e7\u00e3o. Fisicamente estou muito melhor do que quando cheguei. Depois de cirurgia n\u00e3o \u00e9 f\u00e1cil, mas estou melhor e em 2025 as coisas ser\u00e3o melhores, tanto para o Souza quanto para o Vasco. <\/p>\n<p>Souza ter\u00e1 mais uma oportunidade para mostrar o seu valor em uma nova fun\u00e7\u00e3o. O Vasco volta a campo no domingo, \u00e0s 19h, contra o Boavista, em Bacax\u00e1. A partida \u00e9 v\u00e1lida pela 3\u00aa rodada do Campeonato Carioca. <\/p>\n<p>Fonte: ge<\/p>\n<div class=\"sharedaddy sd-block sd-like jetpack-likes-widget-wrapper jetpack-likes-widget-unloaded\" id=\"like-post-wrapper-173292096-69654-678b598187f8c\" data-src=\"https:\/\/widgets.wp.com\/likes\/?ver=14.2.1#blog_id=173292096&amp;post_id=69654&amp;origin=vasconet.com.br&amp;obj_id=173292096-69654-678b598187f8c&amp;n=1\" data-name=\"like-post-frame-173292096-69654-678b598187f8c\" data-title=\"Curtir ou reblogar\">\n<h3 class=\"sd-title\">Curtir isso:<\/h3>\n<p><span class=\"button\"><span>Curtir<\/span><\/span> <span class=\"loading\">Carregando&#8230;<\/span><\/p>\n<p><span class=\"sd-text-color\"><\/span><\/div>\n<\/p>\n<h3 class=\"jp-relatedposts-headline\"><em>Relacionado<\/em><\/h3>\n<p><!-- CONTENT END 2 --><br \/>\n\t\t\t<!-- .entry-content --><\/div>\n","protected":false},"excerpt":{"rendered":"<p>Souza deve ganhar mais oportunidades na zaga do Vasco Sexta-feira, 17\/01\/2025 \u2013 14:05 Souza atuou do in\u00edcio ao fim no<\/p>\n","protected":false},"author":1,"featured_media":0,"comment_status":"","ping_status":"","sticky":false,"template":"","format":"standard","meta":{"colormag_page_container_layout":"default_layout","colormag_page_sidebar_layout":"default_layout","footnotes":""},"categories":[1],"tags":[],"class_list":["post-39051","post","type-post","status-publish","format-standard","hentry","category-sem-categoria"],"_links":{"self":[{"href":"https:\/\/euvivoaselecao.com.br\/index.php\/wp-json\/wp\/v2\/posts\/39051","targetHints":{"allow":["GET"]}}],"collection":[{"href":"https:\/\/euvivoaselecao.com.br\/index.php\/wp-json\/wp\/v2\/posts"}],"about":[{"href":"https:\/\/euvivoaselecao.com.br\/index.php\/wp-json\/wp\/v2\/types\/post"}],"author":[{"embeddable":true,"href":"https:\/\/euvivoaselecao.com.br\/index.php\/wp-json\/wp\/v2\/users\/1"}],"replies":[{"embeddable":true,"href":"https:\/\/euvivoaselecao.com.br\/index.php\/wp-json\/wp\/v2\/comments?post=39051"}],"version-history":[{"count":0,"href":"https:\/\/euvivoaselecao.com.br\/index.php\/wp-json\/wp\/v2\/posts\/39051\/revisions"}],"wp:attachment":[{"href":"https:\/\/euvivoaselecao.com.br\/index.php\/wp-json\/wp\/v2\/media?parent=39051"}],"wp:term":[{"taxonomy":"category","embeddable":true,"href":"https:\/\/euvivoaselecao.com.br\/index.php\/wp-json\/wp\/v2\/categories?post=39051"},{"taxonomy":"post_tag","embeddable":true,"href":"https:\/\/euvivoaselecao.com.br\/index.php\/wp-json\/wp\/v2\/tags?post=39051"}],"curies":[{"name":"wp","href":"https:\/\/api.w.org\/{rel}","templated":true}]}}