{"id":39052,"date":"2025-01-18T04:42:00","date_gmt":"2025-01-18T07:42:00","guid":{"rendered":"https:\/\/euvivoaselecao.com.br\/index.php\/2025\/01\/18\/secretaria-de-conservacao-notifica-mais-de-110-imoveis-em-copacabana-por-falta-de-manutencao-nas-calcadas-prefeitura-da-cidade-do-rio-de-janeiro\/"},"modified":"2025-01-18T04:42:00","modified_gmt":"2025-01-18T07:42:00","slug":"secretaria-de-conservacao-notifica-mais-de-110-imoveis-em-copacabana-por-falta-de-manutencao-nas-calcadas-prefeitura-da-cidade-do-rio-de-janeiro","status":"publish","type":"post","link":"https:\/\/euvivoaselecao.com.br\/index.php\/2025\/01\/18\/secretaria-de-conservacao-notifica-mais-de-110-imoveis-em-copacabana-por-falta-de-manutencao-nas-calcadas-prefeitura-da-cidade-do-rio-de-janeiro\/","title":{"rendered":"Secretaria de Conserva\u00e7\u00e3o notifica mais de 110 im\u00f3veis em Copacabana por falta de manuten\u00e7\u00e3o nas cal\u00e7adas &#8211; Prefeitura da Cidade do Rio de Janeiro"},"content":{"rendered":"<p><\/p>\n<div id=\"main\">\n<div class=\"wrapper-breadcrumbs\" wp_automatic_readability=\"46.757968476357\">\n<div class=\"image-post\" wp_automatic_readability=\"33\">\n                     Os maiores problemas s\u00e3o referentes \u00e0 falta de manuten\u00e7\u00e3o nas pedras portuguesas e buracos em cal\u00e7adas de cimento &#8211; Hector Santos\/Seconserva                  <\/div>\n<p>A Secretaria Municipal de Conserva\u00e7\u00e3o e Servi\u00e7os P\u00fablicos notificou, ao longo desta semana, mais de 110\u00a0 im\u00f3veis, no bairro de Copacabana, na Zona Sul, para que os propriet\u00e1rios fa\u00e7am a manuten\u00e7\u00e3o das suas respectivas cal\u00e7adas, seja de condom\u00ednio residencial ou com\u00e9rcio. A opera\u00e7\u00e3o de fiscaliza\u00e7\u00e3o foi feita pela 4\u00ba Ger\u00eancia de Conserva\u00e7\u00e3o. Os maiores problemas s\u00e3o referentes \u00e0 falta de manuten\u00e7\u00e3o nas pedras portuguesas e buracos em cal\u00e7adas de cimento. Tamb\u00e9m foram notificadas empreiteiras que est\u00e3o obstruindo parte das cal\u00e7adas, sem autoriza\u00e7\u00e3o, para aumentar o canteiro de obras.<\/p>\n<p>Dados do 1746 apontam que o bairro recebe o maior n\u00famero de reclama\u00e7\u00f5es na cidade, sendo o dobro do segundo colocado, o bairro de Botafogo, tamb\u00e9m na Zona Sul. O secret\u00e1rio de Conserva\u00e7\u00e3o e Servi\u00e7os P\u00fablicos, Diego Vaz, acompanhou a a\u00e7\u00e3o e lembrou que Copacabana tem a maior popula\u00e7\u00e3o de idosos no munic\u00edpio. Segundo o IBGE, 24 mil pessoas com mais de 70 anos moram na regi\u00e3o.<\/p>\n<blockquote wp_automatic_readability=\"12\">\n<p>\u2013 Copacabana tem 18% dos moradores com mais de 70 anos. Al\u00e9m disso, \u00e9 uma \u00e1rea com muitos turistas e bastante movimentada. A Prefeitura do Rio tem um programa que cuida de cal\u00e7adas p\u00fablicas, como cal\u00e7ad\u00f5es das praias e pra\u00e7as. Temos que ter a colabora\u00e7\u00e3o dos moradores, tamb\u00e9m, com o seu espa\u00e7o \u2013 disse Diego Vaz.<\/p>\n<\/blockquote>\n<p>A fiscaliza\u00e7\u00e3o passou em vias importantes do bairro, como a Rua Barata Ribeiro, Avenida Nossa Senhora de Copacabana, Rua Toneleiros, Rua Ministro Viveiro de Castro e Rua Rodolfo Dantas.<\/p>\n<p>Com base no Art. 72 do RPT do Dec. \u201cE\u201d 3.800\/70, o propriet\u00e1rio dos im\u00f3veis ter\u00e3o o prazo de 30 dias, a partir do recebimento da notifica\u00e7\u00e3o, para providenciar a recomposi\u00e7\u00e3o do passeio. Em caso de desobedi\u00eancia, ser\u00e1 lavrada a multa de R$ 1.026,15, de acordo com o Par\u00e1grafo 16\u00ba do Art. 136 do RLF do Dec. \u201cE\u201d 3.800\/70. A multa poder\u00e1 ser di\u00e1ria, caso o problema persista, com base no Art. 14 do Regulamento 19, aprovado pelo decreto 32244, de 10\/5\/2010.<\/p>\n<p>             <!-- Compartilhe ---><\/p>\n<p>\t\t\t <!-- TAGS --><\/p>\n<section class=\"category-tags\">\n<div class=\"marcacao-category\">\n<article class=\"category-post\">\n<p>Categoria: <\/p>\n<\/article>\n<li>17 de janeiro de 2025<\/li><\/div>\n<article class=\"tags\">\n\t\t\t\t\tMarca\u00e7\u00f5es: cal\u00e7adas conserva\u00e7\u00e3o copacabana manuten\u00e7\u00e3o Notifica\u00e7\u00e3o<br \/><\/article>\n<\/section>\n<p>            <!-- Mais Not&iacute;cias --><\/p>\n<p>\t\t<!-- Conte&uacute;do SIDEBAR --><\/p><\/div>\n<\/p><\/div>\n","protected":false},"excerpt":{"rendered":"<p>Os maiores problemas s\u00e3o referentes \u00e0 falta de manuten\u00e7\u00e3o nas pedras portuguesas e buracos em cal\u00e7adas de cimento &#8211; Hector<\/p>\n","protected":false},"author":1,"featured_media":0,"comment_status":"","ping_status":"","sticky":false,"template":"","format":"standard","meta":{"colormag_page_container_layout":"default_layout","colormag_page_sidebar_layout":"default_layout","footnotes":""},"categories":[1],"tags":[],"class_list":["post-39052","post","type-post","status-publish","format-standard","hentry","category-sem-categoria"],"_links":{"self":[{"href":"https:\/\/euvivoaselecao.com.br\/index.php\/wp-json\/wp\/v2\/posts\/39052","targetHints":{"allow":["GET"]}}],"collection":[{"href":"https:\/\/euvivoaselecao.com.br\/index.php\/wp-json\/wp\/v2\/posts"}],"about":[{"href":"https:\/\/euvivoaselecao.com.br\/index.php\/wp-json\/wp\/v2\/types\/post"}],"author":[{"embeddable":true,"href":"https:\/\/euvivoaselecao.com.br\/index.php\/wp-json\/wp\/v2\/users\/1"}],"replies":[{"embeddable":true,"href":"https:\/\/euvivoaselecao.com.br\/index.php\/wp-json\/wp\/v2\/comments?post=39052"}],"version-history":[{"count":0,"href":"https:\/\/euvivoaselecao.com.br\/index.php\/wp-json\/wp\/v2\/posts\/39052\/revisions"}],"wp:attachment":[{"href":"https:\/\/euvivoaselecao.com.br\/index.php\/wp-json\/wp\/v2\/media?parent=39052"}],"wp:term":[{"taxonomy":"category","embeddable":true,"href":"https:\/\/euvivoaselecao.com.br\/index.php\/wp-json\/wp\/v2\/categories?post=39052"},{"taxonomy":"post_tag","embeddable":true,"href":"https:\/\/euvivoaselecao.com.br\/index.php\/wp-json\/wp\/v2\/tags?post=39052"}],"curies":[{"name":"wp","href":"https:\/\/api.w.org\/{rel}","templated":true}]}}