{"id":39053,"date":"2025-01-18T05:13:48","date_gmt":"2025-01-18T08:13:48","guid":{"rendered":"https:\/\/euvivoaselecao.com.br\/index.php\/2025\/01\/18\/veja-os-numeros-do-goleiro-daniel-fuzato-em-sua-estreia-pelo-vasco\/"},"modified":"2025-01-18T05:13:48","modified_gmt":"2025-01-18T08:13:48","slug":"veja-os-numeros-do-goleiro-daniel-fuzato-em-sua-estreia-pelo-vasco","status":"publish","type":"post","link":"https:\/\/euvivoaselecao.com.br\/index.php\/2025\/01\/18\/veja-os-numeros-do-goleiro-daniel-fuzato-em-sua-estreia-pelo-vasco\/","title":{"rendered":"Veja os n\u00fameros do goleiro Daniel Fuzato em sua estreia pelo Vasco"},"content":{"rendered":"<p><\/p>\n<div>\n<p>Veja os n\u00fameros do goleiro Daniel Fuzato em sua estreia pelo Vasco  \t\t\t\t\t\t                        Sexta-feira, 17\/01\/2025  \u2013 14:44                              \t\t\t\t\tO goleiro Daniel Fuzato, de 27 anos, fez a sua estreia pelo Vasco na \u00faltima quinta-feira, 16, no empate por 0 a 0 com o Bangu, pelo Campeonato Carioca. Fuzato foi chamado \u00e0s pressas para substituir Pablo, que sofreu uma contus\u00e3o na m\u00e3o esquerda. <\/p>\n<p>O \u00faltimo jogo do novo goleiro do Vasco havia sido no dia 02 de novembro, pelo Eibar, em derrota por 2 a 0 pra o Elche, pela segunda divis\u00e3o do Campeonato Espanhol. A Ag\u00eancia RTI Esporte apresenta n\u00fameros da estreia de Daniel Fuzato. <\/p>\n<p>Ent\u00e3o titular na equipe do t\u00e9cnico Ramon Lima, Daniel Fuzato atuou durante os 90 minutos e foi exigido em tr\u00eas boas finaliza\u00e7\u00f5es do Bangu. Sobretudo sendo duas finaliza\u00e7\u00f5es de dentro da grande \u00e1rea. O goleiro conseguiu ajudar o time a passar sem sofrer gols. <\/p>\n<p>Al\u00e9m disso, Daniel Fuzato deu 13 toques na bola durante a partida e tentou 11 passes para companeiros de equipe. Desses, acabou acertando dez passes, sendo um em bola longa. <\/p>\n<p>Daniel Fuzato acabou sendo eleito um dos melhores jogadores do Vasco na partida, ao lado do lateral direito Paulinho, que, da mesma forma, tamb\u00e9m teve uma atua\u00e7\u00e3o de bastante destaque durante o empate com o Bangu. <\/p>\n<p>Por fim, como Pablo ainda n\u00e3o se recuperou da les\u00e3o na m\u00e3o esquerda, Daniel Fuzato dever\u00e1 novamente ser exigido no domingo, 19, quando o Vasco enfrenta o Boavista, em Bacax\u00e1, pela 3\u00aa rodada da Ta\u00e7a Guanabara. <\/p>\n<p>Fonte: RTI Esporte<\/p>\n<div class=\"sharedaddy sd-block sd-like jetpack-likes-widget-wrapper jetpack-likes-widget-unloaded\" id=\"like-post-wrapper-173292096-69652-678b635817a2d\" data-src=\"https:\/\/widgets.wp.com\/likes\/?ver=14.2.1#blog_id=173292096&amp;post_id=69652&amp;origin=vasconet.com.br&amp;obj_id=173292096-69652-678b635817a2d&amp;n=1\" data-name=\"like-post-frame-173292096-69652-678b635817a2d\" data-title=\"Curtir ou reblogar\">\n<h3 class=\"sd-title\">Curtir isso:<\/h3>\n<p><span class=\"button\"><span>Curtir<\/span><\/span> <span class=\"loading\">Carregando&#8230;<\/span><\/p>\n<p><span class=\"sd-text-color\"><\/span><\/div>\n<\/p>\n<h3 class=\"jp-relatedposts-headline\"><em>Relacionado<\/em><\/h3>\n<p><!-- CONTENT END 2 --><br \/>\n\t\t\t<!-- .entry-content --><\/div>\n","protected":false},"excerpt":{"rendered":"<p>Veja os n\u00fameros do goleiro Daniel Fuzato em sua estreia pelo Vasco Sexta-feira, 17\/01\/2025 \u2013 14:44 O goleiro Daniel Fuzato,<\/p>\n","protected":false},"author":1,"featured_media":0,"comment_status":"","ping_status":"","sticky":false,"template":"","format":"standard","meta":{"colormag_page_container_layout":"default_layout","colormag_page_sidebar_layout":"default_layout","footnotes":""},"categories":[1],"tags":[],"class_list":["post-39053","post","type-post","status-publish","format-standard","hentry","category-sem-categoria"],"_links":{"self":[{"href":"https:\/\/euvivoaselecao.com.br\/index.php\/wp-json\/wp\/v2\/posts\/39053","targetHints":{"allow":["GET"]}}],"collection":[{"href":"https:\/\/euvivoaselecao.com.br\/index.php\/wp-json\/wp\/v2\/posts"}],"about":[{"href":"https:\/\/euvivoaselecao.com.br\/index.php\/wp-json\/wp\/v2\/types\/post"}],"author":[{"embeddable":true,"href":"https:\/\/euvivoaselecao.com.br\/index.php\/wp-json\/wp\/v2\/users\/1"}],"replies":[{"embeddable":true,"href":"https:\/\/euvivoaselecao.com.br\/index.php\/wp-json\/wp\/v2\/comments?post=39053"}],"version-history":[{"count":0,"href":"https:\/\/euvivoaselecao.com.br\/index.php\/wp-json\/wp\/v2\/posts\/39053\/revisions"}],"wp:attachment":[{"href":"https:\/\/euvivoaselecao.com.br\/index.php\/wp-json\/wp\/v2\/media?parent=39053"}],"wp:term":[{"taxonomy":"category","embeddable":true,"href":"https:\/\/euvivoaselecao.com.br\/index.php\/wp-json\/wp\/v2\/categories?post=39053"},{"taxonomy":"post_tag","embeddable":true,"href":"https:\/\/euvivoaselecao.com.br\/index.php\/wp-json\/wp\/v2\/tags?post=39053"}],"curies":[{"name":"wp","href":"https:\/\/api.w.org\/{rel}","templated":true}]}}