{"id":39072,"date":"2025-01-18T10:50:13","date_gmt":"2025-01-18T13:50:13","guid":{"rendered":"https:\/\/euvivoaselecao.com.br\/index.php\/2025\/01\/18\/empresario-de-brian-rodriguez-confirma-que-o-vasco-negocia-com-o-america-mex\/"},"modified":"2025-01-18T10:50:13","modified_gmt":"2025-01-18T13:50:13","slug":"empresario-de-brian-rodriguez-confirma-que-o-vasco-negocia-com-o-america-mex","status":"publish","type":"post","link":"https:\/\/euvivoaselecao.com.br\/index.php\/2025\/01\/18\/empresario-de-brian-rodriguez-confirma-que-o-vasco-negocia-com-o-america-mex\/","title":{"rendered":"Empres\u00e1rio de Brian Rodr\u00edguez confirma que o Vasco negocia com o Am\u00e9rica-MEX"},"content":{"rendered":"<p><\/p>\n<div id=\"post-69634\">\n<div class=\"clearfix entry-content\">\n<p>Empres\u00e1rio de Brian Rodr\u00edguez confirma que o Vasco negocia com o Am\u00e9rica-MEX  \t\t\t\t\t\t                        Sexta-feira, 17\/01\/2025  \u2013 18:01                              \t\t\t\t\tNTCAST @_Ntcast  <br \/>APURA\u00c7\u00c3O NT-CAST: BRIAN RODR\u00cdGUEZ  <\/p>\n<p>Atrav\u00e9s do rep\u00f3rter @fabiotorres92  <\/p>\n<p>J\u00e1 hav\u00edamos confirmado com o staff do jogador que o Vasco tinha demonstrado interesse no uruguaio. Ligamos novamente para o empres\u00e1rio do atleta, Edgardo Lasalvio, que esclareceu a situa\u00e7\u00e3o de momento.  <\/p>\n<p>\u201dO Vasco est\u00e1 tentando chegar em um acordo com o Am\u00e9rica do M\u00e9xico. O clubes est\u00e3o negociando diretamente entre eles. Caso tenha um acerto, eu entro para negociar as quest\u00f5es do contrato\u201d  <\/p>\n<p>Fonte: X NTCAST<\/p>\n<div class=\"sharedaddy sd-block sd-like jetpack-likes-widget-wrapper jetpack-likes-widget-unloaded\" id=\"like-post-wrapper-173292096-69634-678bb231d3a92\" data-src=\"https:\/\/widgets.wp.com\/likes\/?ver=14.2.1#blog_id=173292096&amp;post_id=69634&amp;origin=vasconet.com.br&amp;obj_id=173292096-69634-678bb231d3a92&amp;n=1\" data-name=\"like-post-frame-173292096-69634-678bb231d3a92\" data-title=\"Curtir ou reblogar\">\n<h3 class=\"sd-title\">Curtir isso:<\/h3>\n<p><span class=\"button\"><span>Curtir<\/span><\/span> <span class=\"loading\">Carregando&#8230;<\/span><\/p>\n<p><span class=\"sd-text-color\"><\/span><\/div>\n<\/p>\n<h3 class=\"jp-relatedposts-headline\"><em>Relacionado<\/em><\/h3>\n<p><!-- CONTENT END 2 --><br \/>\n\t\t\t<!-- .entry-content --><\/div>\n<p><!-- #post-69634 --><\/div>\n","protected":false},"excerpt":{"rendered":"<p>Empres\u00e1rio de Brian Rodr\u00edguez confirma que o Vasco negocia com o Am\u00e9rica-MEX Sexta-feira, 17\/01\/2025 \u2013 18:01 NTCAST @_Ntcast APURA\u00c7\u00c3O NT-CAST:<\/p>\n","protected":false},"author":1,"featured_media":0,"comment_status":"","ping_status":"","sticky":false,"template":"","format":"standard","meta":{"colormag_page_container_layout":"default_layout","colormag_page_sidebar_layout":"default_layout","footnotes":""},"categories":[1],"tags":[],"class_list":["post-39072","post","type-post","status-publish","format-standard","hentry","category-sem-categoria"],"_links":{"self":[{"href":"https:\/\/euvivoaselecao.com.br\/index.php\/wp-json\/wp\/v2\/posts\/39072","targetHints":{"allow":["GET"]}}],"collection":[{"href":"https:\/\/euvivoaselecao.com.br\/index.php\/wp-json\/wp\/v2\/posts"}],"about":[{"href":"https:\/\/euvivoaselecao.com.br\/index.php\/wp-json\/wp\/v2\/types\/post"}],"author":[{"embeddable":true,"href":"https:\/\/euvivoaselecao.com.br\/index.php\/wp-json\/wp\/v2\/users\/1"}],"replies":[{"embeddable":true,"href":"https:\/\/euvivoaselecao.com.br\/index.php\/wp-json\/wp\/v2\/comments?post=39072"}],"version-history":[{"count":0,"href":"https:\/\/euvivoaselecao.com.br\/index.php\/wp-json\/wp\/v2\/posts\/39072\/revisions"}],"wp:attachment":[{"href":"https:\/\/euvivoaselecao.com.br\/index.php\/wp-json\/wp\/v2\/media?parent=39072"}],"wp:term":[{"taxonomy":"category","embeddable":true,"href":"https:\/\/euvivoaselecao.com.br\/index.php\/wp-json\/wp\/v2\/categories?post=39072"},{"taxonomy":"post_tag","embeddable":true,"href":"https:\/\/euvivoaselecao.com.br\/index.php\/wp-json\/wp\/v2\/tags?post=39072"}],"curies":[{"name":"wp","href":"https:\/\/api.w.org\/{rel}","templated":true}]}}