{"id":39126,"date":"2025-01-19T08:40:19","date_gmt":"2025-01-19T11:40:19","guid":{"rendered":"https:\/\/euvivoaselecao.com.br\/index.php\/2025\/01\/19\/prefeitura-lanca-edital-para-blocos-de-carnaval-em-s-jose\/"},"modified":"2025-01-19T08:40:19","modified_gmt":"2025-01-19T11:40:19","slug":"prefeitura-lanca-edital-para-blocos-de-carnaval-em-s-jose","status":"publish","type":"post","link":"https:\/\/euvivoaselecao.com.br\/index.php\/2025\/01\/19\/prefeitura-lanca-edital-para-blocos-de-carnaval-em-s-jose\/","title":{"rendered":"Prefeitura lan\u00e7a edital para blocos de Carnaval em S. Jos\u00e9"},"content":{"rendered":"<p><\/p>\n<p>&#13;<br \/>\n                Prefeitura lan\u00e7a edital para blocos de Carnaval em S. Jos\u00e9&#13;\n            <\/p>\n<div>\n<p><b>Paula Pessoa<\/b><br \/>&#13;<br \/>\n&#13;<br \/>\n                <span style=\"font-weight: bold;\">Secretaria de Governan\u00e7a<\/span><\/p>\n<p><span style=\"font-weight: 400;\">A Prefeitura de S\u00e3o Jos\u00e9 dos Campos publicou nesta quinta-feira (16) o edital para chamamento p\u00fablico para blocos de carnaval na cidade.\u00a0<\/span><\/p>\n<p><span style=\"font-weight: 400;\"\/><span style=\"font-weight: 400;\">Um dos feriados mais populares e animados do calend\u00e1rio nacional, de dimens\u00e3o cultural, simb\u00f3lica, econ\u00f4mica e tur\u00edstica, o carnaval ter\u00e1 blocos locais em S\u00e3o Jos\u00e9, no per\u00edodo de 8 de fevereiro e 9 de mar\u00e7o.\u00a0<\/span><\/p>\n<p><span style=\"font-weight: 400;\">O edital prev\u00ea hor\u00e1rio para in\u00edcio e t\u00e9rmino das atividades durante o per\u00edodo de pr\u00e9-carnaval e de carnaval, com atividades gratuitas para o p\u00fablico. Os interessados em participar devem se cadastrar at\u00e9 o dia 31 de janeiro, apresentando al\u00e9m de documenta\u00e7\u00e3o, projeto detalhado com seguran\u00e7a, infraestrutura e preven\u00e7\u00e3o de sa\u00fade, sujeito \u00e0 aprova\u00e7\u00e3o do munic\u00edpio. Os blocos autorizados ser\u00e3o divulgados em 6 de fevereiro.<\/span><\/p>\n<p><span style=\"font-weight: 400;\">O edital com as informa\u00e7\u00f5es completas pode ser consultado no Di\u00e1rio do Munic\u00edpio, no site da Prefeitura<\/span><span style=\"font-weight: 400;\">.\u00a0<\/span><\/p>\n<p><span style=\"font-weight: 400;\">\u00a0<br \/><sub><em>Carnaval em S\u00e3o Jos\u00e9 \u00e9 tradi\u00e7\u00e3o que agita e anima as ruas | Foto: Divulga\u00e7\u00e3o<\/em><\/sub><\/span><\/p>\n<p>\u00a0<\/p>\n<p>&#13;<br \/>\n                        <strong>MAIS NOT\u00cdCIAS<\/strong><br \/>&#13;<br \/>\n                        Secretaria de Governan\u00e7a&#13;\n                    <\/p>\n<\/p><\/div>\n","protected":false},"excerpt":{"rendered":"<p>&#13; Prefeitura lan\u00e7a edital para blocos de Carnaval em S. Jos\u00e9&#13; Paula Pessoa&#13; &#13; Secretaria de Governan\u00e7a A Prefeitura de<\/p>\n","protected":false},"author":1,"featured_media":0,"comment_status":"","ping_status":"","sticky":false,"template":"","format":"standard","meta":{"colormag_page_container_layout":"default_layout","colormag_page_sidebar_layout":"default_layout","footnotes":""},"categories":[1],"tags":[],"class_list":["post-39126","post","type-post","status-publish","format-standard","hentry","category-sem-categoria"],"_links":{"self":[{"href":"https:\/\/euvivoaselecao.com.br\/index.php\/wp-json\/wp\/v2\/posts\/39126","targetHints":{"allow":["GET"]}}],"collection":[{"href":"https:\/\/euvivoaselecao.com.br\/index.php\/wp-json\/wp\/v2\/posts"}],"about":[{"href":"https:\/\/euvivoaselecao.com.br\/index.php\/wp-json\/wp\/v2\/types\/post"}],"author":[{"embeddable":true,"href":"https:\/\/euvivoaselecao.com.br\/index.php\/wp-json\/wp\/v2\/users\/1"}],"replies":[{"embeddable":true,"href":"https:\/\/euvivoaselecao.com.br\/index.php\/wp-json\/wp\/v2\/comments?post=39126"}],"version-history":[{"count":0,"href":"https:\/\/euvivoaselecao.com.br\/index.php\/wp-json\/wp\/v2\/posts\/39126\/revisions"}],"wp:attachment":[{"href":"https:\/\/euvivoaselecao.com.br\/index.php\/wp-json\/wp\/v2\/media?parent=39126"}],"wp:term":[{"taxonomy":"category","embeddable":true,"href":"https:\/\/euvivoaselecao.com.br\/index.php\/wp-json\/wp\/v2\/categories?post=39126"},{"taxonomy":"post_tag","embeddable":true,"href":"https:\/\/euvivoaselecao.com.br\/index.php\/wp-json\/wp\/v2\/tags?post=39126"}],"curies":[{"name":"wp","href":"https:\/\/api.w.org\/{rel}","templated":true}]}}