{"id":39239,"date":"2025-01-20T21:20:32","date_gmt":"2025-01-21T00:20:32","guid":{"rendered":"https:\/\/euvivoaselecao.com.br\/index.php\/2025\/01\/20\/evento-de-aniversario-de-nova-iguacu-contara-com-shows-e-corrida-no-proximo-sabado-25\/"},"modified":"2025-01-20T21:20:32","modified_gmt":"2025-01-21T00:20:32","slug":"evento-de-aniversario-de-nova-iguacu-contara-com-shows-e-corrida-no-proximo-sabado-25","status":"publish","type":"post","link":"https:\/\/euvivoaselecao.com.br\/index.php\/2025\/01\/20\/evento-de-aniversario-de-nova-iguacu-contara-com-shows-e-corrida-no-proximo-sabado-25\/","title":{"rendered":"Evento de anivers\u00e1rio de Nova Igua\u00e7u contar\u00e1 com shows e corrida no pr\u00f3ximo s\u00e1bado (25)"},"content":{"rendered":"<p><\/p>\n<div id=\"post_33368\">\n<header>\n<h2>Evento de anivers\u00e1rio de Nova Igua\u00e7u contar\u00e1 com shows e corrida no pr\u00f3ximo s\u00e1bado (25)<\/h2>\n<h4>\n                <em><br \/>\n                    <time class=\"text-muted\" datetime=\"20-01-2025\">20 de janeiro de 2025<\/time><br \/>\n                <\/em><br \/>\n            <\/h4>\n<\/header>\n<section>\n<p style=\"text-align: justify;\">As comemora\u00e7\u00f5es pelo anivers\u00e1rio de 192 anos de Nova Igua\u00e7u continuam no pr\u00f3ximo s\u00e1bado (25). O evento ser\u00e1 realizado na Via Light, onde o p\u00fablico poder\u00e1 aproveitar shows de pop-rock e hits dos anos 80. Neste mesmo dia acontecer\u00e1 a tradicional corrida e caminhada da cidade. A expectativa \u00e9 que a celebra\u00e7\u00e3o mobilize cerca de 5 mil pessoas.<\/p>\n<p style=\"text-align: justify;\">Os shows come\u00e7am \u00e0s 16h, com a banda RC Band, que promete animar o p\u00fablico com um repert\u00f3rio vibrante. \u00c0s 17h, ser\u00e3o realizadas as orienta\u00e7\u00f5es para a corrida e caminhada, que t\u00eam in\u00edcio marcado para \u00e0s 18h30. A largada acontecer\u00e1 na Rua Arcelino Pereira Neves para os percursos de 5km e 3km, respectivamente.<\/p>\n<p style=\"text-align: justify;\">Ap\u00f3s a corrida, a festa continua com a principal atra\u00e7\u00e3o da noite: Silvinho Blau Blau, que se apresenta a partir das 20h30. O cantor estar\u00e1 acompanhado de Avelar Love (do grupo Jo\u00e3o Penca e seus Miquinhos Amestrados), o m\u00fasico C\u00edcero Pestana e a ic\u00f4nica Rosana, int\u00e9rprete do cl\u00e1ssico dos anos 80 \u201cO Amor e o Poder (Como uma Deusa)\u201d.<\/p>\n<p style=\"text-align: justify;\"><strong>Servi\u00e7o<\/strong><br \/><strong>Evento:<\/strong> Shows e corrida em comemora\u00e7\u00e3o ao anivers\u00e1rio de Nova Igua\u00e7u<br \/><strong>Data:<\/strong> S\u00e1bado, 25 de janeiro<br \/><strong>Local:<\/strong> Via Light<br \/><strong>Programa\u00e7\u00e3o:<\/strong><br \/><strong>16h \u2013<\/strong> Abertura com a banda RC Band<br \/><strong>17h \u2013<\/strong> Orienta\u00e7\u00f5es para a corrida e caminhada<br \/><strong>18h30 \u2013<\/strong> Largada da corrida e caminhada<br \/><strong>20h30 \u2013<\/strong> Show com Silvinho Blau Blau e convidados<\/p>\n<\/section><\/div>\n","protected":false},"excerpt":{"rendered":"<p>Evento de anivers\u00e1rio de Nova Igua\u00e7u contar\u00e1 com shows e corrida no pr\u00f3ximo s\u00e1bado (25) 20 de janeiro de 2025<\/p>\n","protected":false},"author":1,"featured_media":0,"comment_status":"","ping_status":"","sticky":false,"template":"","format":"standard","meta":{"colormag_page_container_layout":"default_layout","colormag_page_sidebar_layout":"default_layout","footnotes":""},"categories":[1],"tags":[],"class_list":["post-39239","post","type-post","status-publish","format-standard","hentry","category-sem-categoria"],"_links":{"self":[{"href":"https:\/\/euvivoaselecao.com.br\/index.php\/wp-json\/wp\/v2\/posts\/39239","targetHints":{"allow":["GET"]}}],"collection":[{"href":"https:\/\/euvivoaselecao.com.br\/index.php\/wp-json\/wp\/v2\/posts"}],"about":[{"href":"https:\/\/euvivoaselecao.com.br\/index.php\/wp-json\/wp\/v2\/types\/post"}],"author":[{"embeddable":true,"href":"https:\/\/euvivoaselecao.com.br\/index.php\/wp-json\/wp\/v2\/users\/1"}],"replies":[{"embeddable":true,"href":"https:\/\/euvivoaselecao.com.br\/index.php\/wp-json\/wp\/v2\/comments?post=39239"}],"version-history":[{"count":0,"href":"https:\/\/euvivoaselecao.com.br\/index.php\/wp-json\/wp\/v2\/posts\/39239\/revisions"}],"wp:attachment":[{"href":"https:\/\/euvivoaselecao.com.br\/index.php\/wp-json\/wp\/v2\/media?parent=39239"}],"wp:term":[{"taxonomy":"category","embeddable":true,"href":"https:\/\/euvivoaselecao.com.br\/index.php\/wp-json\/wp\/v2\/categories?post=39239"},{"taxonomy":"post_tag","embeddable":true,"href":"https:\/\/euvivoaselecao.com.br\/index.php\/wp-json\/wp\/v2\/tags?post=39239"}],"curies":[{"name":"wp","href":"https:\/\/api.w.org\/{rel}","templated":true}]}}