{"id":39254,"date":"2025-01-21T03:45:43","date_gmt":"2025-01-21T06:45:43","guid":{"rendered":"https:\/\/euvivoaselecao.com.br\/index.php\/2025\/01\/21\/nova-iguacu-conquista-o-selo-petronilha-beatriz-goncalves-e-silva\/"},"modified":"2025-01-21T03:45:43","modified_gmt":"2025-01-21T06:45:43","slug":"nova-iguacu-conquista-o-selo-petronilha-beatriz-goncalves-e-silva","status":"publish","type":"post","link":"https:\/\/euvivoaselecao.com.br\/index.php\/2025\/01\/21\/nova-iguacu-conquista-o-selo-petronilha-beatriz-goncalves-e-silva\/","title":{"rendered":"Nova Igua\u00e7u conquista o Selo Petronilha Beatriz Gon\u00e7alves e Silva"},"content":{"rendered":"<p><\/p>\n<div id=\"post_33365\">\n<header>\n<h2>Nova Igua\u00e7u conquista o Selo Petronilha Beatriz Gon\u00e7alves e Silva<\/h2>\n<h4>\n                <em><br \/>\n                    <time class=\"text-muted\" datetime=\"20-01-2025\">20 de janeiro de 2025<\/time><br \/>\n                <\/em><br \/>\n            <\/h4>\n<\/header>\n<section>\n<p><em>Munic\u00edpio \u00e9 reconhecido por a\u00e7\u00f5es de ensino e promo\u00e7\u00e3o da equidade racial, hist\u00f3ria e cultura afro-brasileira, ind\u00edgena e africana<\/em><\/p>\n<p>Nova Igua\u00e7u foi uma das 15 cidades do Rio de Janeiro premiadas pelo Minist\u00e9rio da Educa\u00e7\u00e3o (MEC) com o Selo Petronilha Beatriz Gon\u00e7alves e Silva, em reconhecimento \u00e0s suas iniciativas de ensino sobre a hist\u00f3ria e cultura afro-brasileira, africana e ind\u00edgena, al\u00e9m da promo\u00e7\u00e3o de equidade racial nas escolas.<\/p>\n<p>A conquista foi poss\u00edvel devido ao cumprimento dos requisitos da Pol\u00edtica Nacional de Equidade, Educa\u00e7\u00e3o para as Rela\u00e7\u00f5es \u00c9tnico-Raciais e Educa\u00e7\u00e3o Escolar Quilombola (PNEERQ), e \u00e0 participa\u00e7\u00e3o no Diagn\u00f3stico Equidade, atingindo uma pontua\u00e7\u00e3o satisfat\u00f3ria nos \u00edndices de forma\u00e7\u00e3o dessas pol\u00edticas. A premia\u00e7\u00e3o tamb\u00e9m destaca as pr\u00e1ticas pedag\u00f3gicas e de gest\u00e3o que fortalecem a educa\u00e7\u00e3o para as rela\u00e7\u00f5es \u00e9tnico-raciais e quilombolas.<\/p>\n<p>\u201cA conquista do Selo Petronilha Beatriz Gon\u00e7alves e Silva reconhece o trabalho da nossa rede de ensino em promover pr\u00e1ticas inclusivas e democr\u00e1ticas. Esse pr\u00eamio reafirma nosso compromisso com uma educa\u00e7\u00e3o que valorize a diversidade e contribua para um futuro mais igualit\u00e1rio e respeitoso para todos\u201d, declarou Maria Virg\u00ednia Andrade Rocha, Secret\u00e1ria Municipal de Educa\u00e7\u00e3o.<\/p>\n<p>Com a premia\u00e7\u00e3o, Nova Igua\u00e7u est\u00e1 habilitada a concorrer a recursos de at\u00e9 R$ 200 mil em um edital do MEC, destinado a financiar iniciativas de equidade racial. As inscri\u00e7\u00f5es, exclusivas para as secretarias municipais premiadas com o selo, ser\u00e3o de 3 de fevereiro a 14 de mar\u00e7o de 2025.<\/p>\n<\/section><\/div>\n","protected":false},"excerpt":{"rendered":"<p>Nova Igua\u00e7u conquista o Selo Petronilha Beatriz Gon\u00e7alves e Silva 20 de janeiro de 2025 Munic\u00edpio \u00e9 reconhecido por a\u00e7\u00f5es<\/p>\n","protected":false},"author":1,"featured_media":0,"comment_status":"","ping_status":"","sticky":false,"template":"","format":"standard","meta":{"colormag_page_container_layout":"default_layout","colormag_page_sidebar_layout":"default_layout","footnotes":""},"categories":[1],"tags":[],"class_list":["post-39254","post","type-post","status-publish","format-standard","hentry","category-sem-categoria"],"_links":{"self":[{"href":"https:\/\/euvivoaselecao.com.br\/index.php\/wp-json\/wp\/v2\/posts\/39254","targetHints":{"allow":["GET"]}}],"collection":[{"href":"https:\/\/euvivoaselecao.com.br\/index.php\/wp-json\/wp\/v2\/posts"}],"about":[{"href":"https:\/\/euvivoaselecao.com.br\/index.php\/wp-json\/wp\/v2\/types\/post"}],"author":[{"embeddable":true,"href":"https:\/\/euvivoaselecao.com.br\/index.php\/wp-json\/wp\/v2\/users\/1"}],"replies":[{"embeddable":true,"href":"https:\/\/euvivoaselecao.com.br\/index.php\/wp-json\/wp\/v2\/comments?post=39254"}],"version-history":[{"count":0,"href":"https:\/\/euvivoaselecao.com.br\/index.php\/wp-json\/wp\/v2\/posts\/39254\/revisions"}],"wp:attachment":[{"href":"https:\/\/euvivoaselecao.com.br\/index.php\/wp-json\/wp\/v2\/media?parent=39254"}],"wp:term":[{"taxonomy":"category","embeddable":true,"href":"https:\/\/euvivoaselecao.com.br\/index.php\/wp-json\/wp\/v2\/categories?post=39254"},{"taxonomy":"post_tag","embeddable":true,"href":"https:\/\/euvivoaselecao.com.br\/index.php\/wp-json\/wp\/v2\/tags?post=39254"}],"curies":[{"name":"wp","href":"https:\/\/api.w.org\/{rel}","templated":true}]}}