{"id":39344,"date":"2025-01-22T07:54:24","date_gmt":"2025-01-22T10:54:24","guid":{"rendered":"https:\/\/euvivoaselecao.com.br\/index.php\/2025\/01\/22\/santa-catarina-tem-mais-de-8-mil-vagas-de-emprego-abertas-em-todo-o-estado\/"},"modified":"2025-01-22T07:54:24","modified_gmt":"2025-01-22T10:54:24","slug":"santa-catarina-tem-mais-de-8-mil-vagas-de-emprego-abertas-em-todo-o-estado","status":"publish","type":"post","link":"https:\/\/euvivoaselecao.com.br\/index.php\/2025\/01\/22\/santa-catarina-tem-mais-de-8-mil-vagas-de-emprego-abertas-em-todo-o-estado\/","title":{"rendered":"Santa Catarina tem mais de 8 mil vagas de emprego abertas em todo o estado"},"content":{"rendered":"<p><\/p>\n<div>\n<figure class=\"wp-block-audio\"><audio controls=\"\" src=\"https:\/\/estado.sc.gov.br\/noticias\/wp-content\/uploads\/sites\/3\/2025\/01\/SECOM-Vagas-Emprego-Sine.mp3\"\/><\/figure>\n<p><span id=\"more-334487\"\/><\/p>\n<p>Santa Catarina tem cerca de 8,6 mil vagas de emprego dispon\u00edveis em diversas \u00e1reas e setores por meio do Sine nesta semana.<\/p>\n<p>Do total, 177 s\u00e3o destinadas exclusivamente a pessoas com defici\u00eancia.<\/p>\n<p>As vagas est\u00e3o espalhadas por todas as regi\u00f5es de Santa Catarina.<\/p>\n<p>S\u00e3o cerca de 2,4 mil vagas na Grande Florian\u00f3polis e 2,5 mil na regi\u00e3o do Vale do Itaja\u00ed.<\/p>\n<p>No Oeste, s\u00e3o 926 oportunidades, 1.171 no Sul do Estado, 496 no Meio Oeste e 205 na Serra Catarinense.<\/p>\n<p>Para o secret\u00e1rio de Estado da Ind\u00fastria, Com\u00e9rcio e Servi\u00e7o, Silvio Dreveck, \u00e0s chances de emprego s\u00e3o reflexo do dinamismo da economia catarinense:<\/p>\n<p>SONORA<\/p>\n<p>Para concorrer \u00e0s vagas, \u00e9 poss\u00edvel buscar uma das 140 unidades do Sine no estado levando um documento com foto.<\/p>\n<p>Tamb\u00e9m \u00e9 poss\u00edvel conferir as oportunidades no site Emprega Brasil.<\/p>\n<p><strong>Rep\u00f3rter:<\/strong> Marcos Lampert<\/p>\n<\/p><\/div>\n","protected":false},"excerpt":{"rendered":"<p>Santa Catarina tem cerca de 8,6 mil vagas de emprego dispon\u00edveis em diversas \u00e1reas e setores por meio do Sine<\/p>\n","protected":false},"author":1,"featured_media":0,"comment_status":"","ping_status":"","sticky":false,"template":"","format":"standard","meta":{"colormag_page_container_layout":"default_layout","colormag_page_sidebar_layout":"default_layout","footnotes":""},"categories":[1],"tags":[],"class_list":["post-39344","post","type-post","status-publish","format-standard","hentry","category-sem-categoria"],"_links":{"self":[{"href":"https:\/\/euvivoaselecao.com.br\/index.php\/wp-json\/wp\/v2\/posts\/39344","targetHints":{"allow":["GET"]}}],"collection":[{"href":"https:\/\/euvivoaselecao.com.br\/index.php\/wp-json\/wp\/v2\/posts"}],"about":[{"href":"https:\/\/euvivoaselecao.com.br\/index.php\/wp-json\/wp\/v2\/types\/post"}],"author":[{"embeddable":true,"href":"https:\/\/euvivoaselecao.com.br\/index.php\/wp-json\/wp\/v2\/users\/1"}],"replies":[{"embeddable":true,"href":"https:\/\/euvivoaselecao.com.br\/index.php\/wp-json\/wp\/v2\/comments?post=39344"}],"version-history":[{"count":0,"href":"https:\/\/euvivoaselecao.com.br\/index.php\/wp-json\/wp\/v2\/posts\/39344\/revisions"}],"wp:attachment":[{"href":"https:\/\/euvivoaselecao.com.br\/index.php\/wp-json\/wp\/v2\/media?parent=39344"}],"wp:term":[{"taxonomy":"category","embeddable":true,"href":"https:\/\/euvivoaselecao.com.br\/index.php\/wp-json\/wp\/v2\/categories?post=39344"},{"taxonomy":"post_tag","embeddable":true,"href":"https:\/\/euvivoaselecao.com.br\/index.php\/wp-json\/wp\/v2\/tags?post=39344"}],"curies":[{"name":"wp","href":"https:\/\/api.w.org\/{rel}","templated":true}]}}