{"id":39364,"date":"2025-01-22T14:15:28","date_gmt":"2025-01-22T17:15:28","guid":{"rendered":"https:\/\/euvivoaselecao.com.br\/index.php\/2025\/01\/22\/prefeitura-ja-distribuiu-24-mil-toneladas-de-alimentos-em-suas-cozinhas-comunitarias-prefeitura-da-cidade-do-rio-de-janeiro\/"},"modified":"2025-01-22T14:15:28","modified_gmt":"2025-01-22T17:15:28","slug":"prefeitura-ja-distribuiu-24-mil-toneladas-de-alimentos-em-suas-cozinhas-comunitarias-prefeitura-da-cidade-do-rio-de-janeiro","status":"publish","type":"post","link":"https:\/\/euvivoaselecao.com.br\/index.php\/2025\/01\/22\/prefeitura-ja-distribuiu-24-mil-toneladas-de-alimentos-em-suas-cozinhas-comunitarias-prefeitura-da-cidade-do-rio-de-janeiro\/","title":{"rendered":"Prefeitura j\u00e1 distribuiu 2,4 mil toneladas de alimentos em suas cozinhas comunit\u00e1rias &#8211; Prefeitura da Cidade do Rio de Janeiro"},"content":{"rendered":"<p><\/p>\n<div id=\"main\">\n<div class=\"wrapper-breadcrumbs\" wp_automatic_readability=\"63.865546218487\">\n<div class=\"image-post\" wp_automatic_readability=\"33\">\n                     Nas Cozinhas Comunit\u00e1rias Cariocas s\u00e3o servidas diariamente 280 refei\u00e7\u00f5es &#8211; Roberto Moreyra\/SMTE                  <\/div>\n<p>O programa Prato Feito Carioca j\u00e1 distribuiu 2,4 mil toneladas de alimentos e 4.288.447 frutas para as fam\u00edlias em situa\u00e7\u00e3o de inseguran\u00e7a alimentar na cidade. Em 2024, foram 1.375 toneladas de alimentos e 2.454.460 frutas \u2013 quase quatro vezes mais do que o servido em 2022, quando o programa foi lan\u00e7ado pela Prefeitura do Rio. Atualmente, 52 Cozinhas Comunit\u00e1rias Cariocas est\u00e3o em funcionamento em diferentes comunidades e bairros da cidade. E novas unidades ser\u00e3o abertas ainda neste primeiro semestre.<\/p>\n<blockquote wp_automatic_readability=\"12\">\n<p>\u2013 Estamos fazendo um mapeamento para identificar as \u00e1reas mais necessitadas para instalarmos novas unidades do programa. N\u00f3s levaremos tamb\u00e9m servi\u00e7os e cursos de qualifica\u00e7\u00e3o para os benefici\u00e1rios das cozinhas, para que eles possam se inserir ou voltar ao mercado de trabalho. E, claro, tenham condi\u00e7\u00f5es de garantir o sustento de suas fam\u00edlias \u2013 disse o secret\u00e1rio municipal de Trabalho e Renda, Manoel Vieira.<\/p>\n<\/blockquote>\n<p>O Prato Feito Carioca foi lan\u00e7ado em 21 de junho de 2022 na Mangueira. As Cozinhas Comunit\u00e1rias Cariocas, que fazem parte do programa e foram instaladas pela Prefeitura do Rio em regime de cogest\u00e3o com entidades parceiras, oferecem refei\u00e7\u00f5es de 560 gramas, com 200g de arroz, 100g de feij\u00e3o, 130g de prote\u00edna (carnes variadas), 130g de legumes e uma fruta.<\/p>\n<p><strong>Combate \u00e0 fome e gera\u00e7\u00e3o de emprego e renda\u00a0<\/strong><\/p>\n<p>Desde novembro do ano passado, Maria Jos\u00e9 Meirelles Figueiredo, de 71 anos, frequenta a Cozinha Comunit\u00e1ria Reinventar Tia Eunice, na Provid\u00eancia. L\u00e1, de segunda a sexta-feira, ela pega refei\u00e7\u00f5es para ela, o marido, dois filhos e um sobrinho.<\/p>\n<blockquote wp_automatic_readability=\"13\">\n<p>\u2013 N\u00e3o s\u00f3 eu, mas tem muita gente que necessita da comida, porque s\u00f3 tem em casa a que que pega na cozinha. Meu filho, que tem gordura no f\u00edgado, at\u00e9 melhorou de sa\u00fade depois que passei a pegar as refei\u00e7\u00f5es na Cozinha Comunit\u00e1ria \u2013 disse a aposentada, que chega \u00e0s 9h na Rua Bar\u00e3o da Gamboa para garantir o almo\u00e7o da fam\u00edlia.<\/p>\n<\/blockquote>\n<p>Para a cozinheira Eliane Teixeira Gomes, de 42 anos, o Prato Feito Carioca tem mesmo um sabor especial, pois, gra\u00e7as ao programa, ela conquistou trabalho e renda. Moradora da Provid\u00eancia, casada e m\u00e3e de dois filhos, ela madruga para preparar, ao lado de outras cozinheiras, as 280 refei\u00e7\u00f5es di\u00e1rias servidas gratuitamente para as pessoas em situa\u00e7\u00e3o de inseguran\u00e7a alimentar.<\/p>\n<p>\u2013 O programa trouxe muitos benef\u00edcios para a comunidade e est\u00e1 ajudando as pessoas que mais necessitam. E eu consegui um trabalho pertinho de casa e fa\u00e7o o que gosto, com amor.<\/p>\n<p><strong>Programa Prato Feito em n\u00fameros\u00a0<\/strong><\/p>\n<p>2022: 346 toneladas de alimentos e 618.007 frutas<br \/>2023: 681 toneladas de alimentos e 1.215.980 frutas<br \/>2024: 1.375 toneladas e 2.454.460 frutas<\/p>\n<p>Total: 2.402 toneladas de alimentos e 4.288.447 frutas<\/p>\n<p>             <!-- Compartilhe ---><\/p>\n<p>\t\t\t <!-- TAGS --><\/p>\n<section class=\"category-tags\">\n<article class=\"tags\">\n\t\t\t\t\tMarca\u00e7\u00f5es: alimentos cozinhas comunit\u00e1rias cariocas Prefeitura do Rio Programa Prato Feito Carioca<br \/><\/article>\n<\/section>\n<p>            <!-- Mais Not&iacute;cias --><\/p>\n<p>\t\t<!-- Conte&uacute;do SIDEBAR --><\/p><\/div>\n<\/p><\/div>\n","protected":false},"excerpt":{"rendered":"<p>Nas Cozinhas Comunit\u00e1rias Cariocas s\u00e3o servidas diariamente 280 refei\u00e7\u00f5es &#8211; Roberto Moreyra\/SMTE O programa Prato Feito Carioca j\u00e1 distribuiu 2,4<\/p>\n","protected":false},"author":1,"featured_media":0,"comment_status":"","ping_status":"","sticky":false,"template":"","format":"standard","meta":{"colormag_page_container_layout":"default_layout","colormag_page_sidebar_layout":"default_layout","footnotes":""},"categories":[1],"tags":[],"class_list":["post-39364","post","type-post","status-publish","format-standard","hentry","category-sem-categoria"],"_links":{"self":[{"href":"https:\/\/euvivoaselecao.com.br\/index.php\/wp-json\/wp\/v2\/posts\/39364","targetHints":{"allow":["GET"]}}],"collection":[{"href":"https:\/\/euvivoaselecao.com.br\/index.php\/wp-json\/wp\/v2\/posts"}],"about":[{"href":"https:\/\/euvivoaselecao.com.br\/index.php\/wp-json\/wp\/v2\/types\/post"}],"author":[{"embeddable":true,"href":"https:\/\/euvivoaselecao.com.br\/index.php\/wp-json\/wp\/v2\/users\/1"}],"replies":[{"embeddable":true,"href":"https:\/\/euvivoaselecao.com.br\/index.php\/wp-json\/wp\/v2\/comments?post=39364"}],"version-history":[{"count":0,"href":"https:\/\/euvivoaselecao.com.br\/index.php\/wp-json\/wp\/v2\/posts\/39364\/revisions"}],"wp:attachment":[{"href":"https:\/\/euvivoaselecao.com.br\/index.php\/wp-json\/wp\/v2\/media?parent=39364"}],"wp:term":[{"taxonomy":"category","embeddable":true,"href":"https:\/\/euvivoaselecao.com.br\/index.php\/wp-json\/wp\/v2\/categories?post=39364"},{"taxonomy":"post_tag","embeddable":true,"href":"https:\/\/euvivoaselecao.com.br\/index.php\/wp-json\/wp\/v2\/tags?post=39364"}],"curies":[{"name":"wp","href":"https:\/\/api.w.org\/{rel}","templated":true}]}}