{"id":39484,"date":"2025-01-24T19:22:46","date_gmt":"2025-01-24T22:22:46","guid":{"rendered":"https:\/\/euvivoaselecao.com.br\/index.php\/2025\/01\/24\/prefeitura-de-sorocaba-da-inicio-as-obras-de-revitalizacao-da-praca-no-jardim-santo-andre-agencia-de-noticias\/"},"modified":"2025-01-24T19:22:46","modified_gmt":"2025-01-24T22:22:46","slug":"prefeitura-de-sorocaba-da-inicio-as-obras-de-revitalizacao-da-praca-no-jardim-santo-andre-agencia-de-noticias","status":"publish","type":"post","link":"https:\/\/euvivoaselecao.com.br\/index.php\/2025\/01\/24\/prefeitura-de-sorocaba-da-inicio-as-obras-de-revitalizacao-da-praca-no-jardim-santo-andre-agencia-de-noticias\/","title":{"rendered":"Prefeitura de Sorocaba d\u00e1 in\u00edcio \u00e0s obras de revitaliza\u00e7\u00e3o da pra\u00e7a no Jardim Santo Andr\u00e9 \u2013 Ag\u00eancia de Not\u00edcias"},"content":{"rendered":"<p><\/p>\n<div wp_automatic_readability=\"31\">\n<div class=\"col\" wp_automatic_readability=\"7\">\n<p class=\"mt-0\">\n                        <strong><br \/>\n                            <span class=\"far fa-calendar mr-1 mt-2\"\/><br \/>\n                            24 de janeiro de 2025<br \/>\n                            <span class=\"far fa-clock ml-3 mt-2\"\/><br \/>\n                            18:24<br \/>\n                        <\/strong>\n                    <\/p>\n<p class=\"mb-0\">Por: <strong>Evelyn Azevedo<\/strong><\/p>\n<\/p><\/div>\n<\/p><\/div>\n<div wp_automatic_readability=\"81\">\n<p><em>Fotos: Michelle Alves \u2013 Secom<\/em><\/p>\n<p>A Prefeitura de Sorocaba, por meio da Secretaria de Servi\u00e7os P\u00fablicos e Obras (Serpo), deu in\u00edcio, na tarde desta sexta-feira (24), \u00e0s obras de revitaliza\u00e7\u00e3o da pra\u00e7a localizada na esquina da Rua Benedito Nunes com a Rua Jos\u00e9 Lamberti, no Jardim Santo Andr\u00e9, Zona Norte da cidade. As melhorias ser\u00e3o executadas em parceria com a empresa Drogaria S\u00e3o Paulo S.A., por meio de medida mitigadora.<\/p>\n<p>A pra\u00e7a receber\u00e1 a instala\u00e7\u00e3o de 70 pontos de ilumina\u00e7\u00e3o p\u00fablica com tecnologia de LED, executada pela empresa parceira, al\u00e9m de mais 307 pontos com recursos pr\u00f3prios do Executivo Municipal. Os trabalhos incluem, ainda, nova pintura do espa\u00e7o de conviv\u00eancia, com previs\u00e3o de conclus\u00e3o em at\u00e9 90 dias.<\/p>\n<p>\u201cEstamos sempre buscando melhorar os bairros da cidade com a recupera\u00e7\u00e3o de espa\u00e7os p\u00fablicos que h\u00e1 muito tempo estavam abandonados. As necessidades desta pra\u00e7a foram identificadas pelos pr\u00f3prios moradores e, hoje, vamos dar in\u00edcio aos trabalhos que trar\u00e3o mais oportunidades de lazer\u201d, destacou o secret\u00e1rio de Mobilidade (Semob), Carlos Eduardo Paschoini, que esteve no ato representando o prefeito Rodrigo Manga.<\/p>\n<p>\u201cEsse \u00e9 o pontap\u00e9 inicial em uma \u00e1rea t\u00e3o importante para o bairro, isso, gra\u00e7as \u00e0s medidas mitigadoras que t\u00eam transformado nosso munic\u00edpio, trazendo mais vida aos locais p\u00fablicos. A Serpo acompanhar\u00e1 as equipes dando todo suporte necess\u00e1rio para as instala\u00e7\u00f5es\u201d, declarou o diretor de \u00e1rea da Serpo, J\u00falio Cesar Foglieni.<\/p>\n<p>Tamb\u00e9m estiveram presentes no evento o secret\u00e1rio municipal de Comunica\u00e7\u00e3o (Secom), Lucas Pedrozo; o diretor-presidente da Urbes, S\u00e9rgio Barreto; o ouvidor-geral do munic\u00edpio, Evandro Bueno; e o vereador Fausto Peres.<\/p>\n<p><!-- Root element of PhotoSwipe. Must have class pswp. --><\/p><\/div>\n","protected":false},"excerpt":{"rendered":"<p>24 de janeiro de 2025 18:24 Por: Evelyn Azevedo Fotos: Michelle Alves \u2013 Secom A Prefeitura de Sorocaba, por meio<\/p>\n","protected":false},"author":1,"featured_media":0,"comment_status":"","ping_status":"","sticky":false,"template":"","format":"standard","meta":{"colormag_page_container_layout":"default_layout","colormag_page_sidebar_layout":"default_layout","footnotes":""},"categories":[1],"tags":[],"class_list":["post-39484","post","type-post","status-publish","format-standard","hentry","category-sem-categoria"],"_links":{"self":[{"href":"https:\/\/euvivoaselecao.com.br\/index.php\/wp-json\/wp\/v2\/posts\/39484","targetHints":{"allow":["GET"]}}],"collection":[{"href":"https:\/\/euvivoaselecao.com.br\/index.php\/wp-json\/wp\/v2\/posts"}],"about":[{"href":"https:\/\/euvivoaselecao.com.br\/index.php\/wp-json\/wp\/v2\/types\/post"}],"author":[{"embeddable":true,"href":"https:\/\/euvivoaselecao.com.br\/index.php\/wp-json\/wp\/v2\/users\/1"}],"replies":[{"embeddable":true,"href":"https:\/\/euvivoaselecao.com.br\/index.php\/wp-json\/wp\/v2\/comments?post=39484"}],"version-history":[{"count":0,"href":"https:\/\/euvivoaselecao.com.br\/index.php\/wp-json\/wp\/v2\/posts\/39484\/revisions"}],"wp:attachment":[{"href":"https:\/\/euvivoaselecao.com.br\/index.php\/wp-json\/wp\/v2\/media?parent=39484"}],"wp:term":[{"taxonomy":"category","embeddable":true,"href":"https:\/\/euvivoaselecao.com.br\/index.php\/wp-json\/wp\/v2\/categories?post=39484"},{"taxonomy":"post_tag","embeddable":true,"href":"https:\/\/euvivoaselecao.com.br\/index.php\/wp-json\/wp\/v2\/tags?post=39484"}],"curies":[{"name":"wp","href":"https:\/\/api.w.org\/{rel}","templated":true}]}}