{"id":39485,"date":"2025-01-24T19:31:39","date_gmt":"2025-01-24T22:31:39","guid":{"rendered":"https:\/\/euvivoaselecao.com.br\/index.php\/2025\/01\/24\/pat-abre-semana-com-791-vagas-de-emprego\/"},"modified":"2025-01-24T19:31:39","modified_gmt":"2025-01-24T22:31:39","slug":"pat-abre-semana-com-791-vagas-de-emprego","status":"publish","type":"post","link":"https:\/\/euvivoaselecao.com.br\/index.php\/2025\/01\/24\/pat-abre-semana-com-791-vagas-de-emprego\/","title":{"rendered":"PAT abre semana com 791 vagas de emprego"},"content":{"rendered":"<p><\/p>\n<div>\n<p><b>Jos\u00e9 Roberto Amaral<\/b><br \/>&#13;<br \/>\n&#13;<br \/>\n                <span style=\"font-weight: bold;\">Secretaria de Inova\u00e7\u00e3o e Desenvolvimento Econ\u00f4mico<\/span><\/p>\n<p>O PAT (Posto de Atendimento ao Trabalhador) de S\u00e3o Jos\u00e9 dos Campos disponibiliza para esta segunda-feira (27) um total de 791 vagas de trabalho. As oportunidades de emprego\u00a0s\u00e3o para diversas \u00e1reas e atividades profissionais.<\/p>\n<p>O\u00a0maior n\u00famero de vagas (415) \u00e9 para operador de telemarketing, destinado ao p\u00fablico em geral, e outras 50 s\u00e3o na mesma fun\u00e7\u00e3o para PCDs (pessoas com defici\u00eancia).\u00a0<\/p>\n<p>Outras fun\u00e7\u00f5es com n\u00famero significativo de vagas s\u00e3o para pedreiro (42), servente de obras (40),\u00a0auxiliar de limpeza (32), atendente de lanchonete (30), ajudante de obras (24), armador de ferros (20), auxiliar de cozinha (19) e consultor de vendas (10).<\/p>\n<p>A rela\u00e7\u00e3o completa de vagas e ocupa\u00e7\u00f5es est\u00e1 dispon\u00edvel no site da Prefeitura de S\u00e3o Jos\u00e9 dos Campos.<\/p>\n<p><span class=\"intertitulo\">Importante<\/span><\/p>\n<p>O PAT est\u00e1 localizado na Pra\u00e7a Afonso Pena, 175, no centro de S\u00e3o Jos\u00e9. Funciona de segunda a sexta-feira, das 8h \u00e0s 16h. Todos os servi\u00e7os s\u00e3o gratuitos para empres\u00e1rios e trabalhadores.<\/p>\n<p>As vagas s\u00e3o publicadas diariamente no site da Prefeitura de S\u00e3o Jos\u00e9, a partir das 18h. Antes de se dirigir ao posto para se candidatar, os interessados devem consultar o site e verificar se possuem perfil para alguma das vagas anunciadas.<\/p>\n<p>Em caso positivo, \u00e9 preciso comparecer com a carteira de trabalho \u2013 digital ou f\u00edsica \u2013 e um documento de identifica\u00e7\u00e3o. Se poss\u00edvel, levar tamb\u00e9m o curr\u00edculo.<\/p>\n<p>&#13;<br \/>\n                        <strong>MAIS NOT\u00cdCIAS<\/strong><br \/>&#13;<br \/>\n                        Secretaria de Inova\u00e7\u00e3o e Desenvolvimento Econ\u00f4mico&#13;\n                    <\/p>\n<\/p><\/div>\n","protected":false},"excerpt":{"rendered":"<p>Jos\u00e9 Roberto Amaral&#13; &#13; Secretaria de Inova\u00e7\u00e3o e Desenvolvimento Econ\u00f4mico O PAT (Posto de Atendimento ao Trabalhador) de S\u00e3o Jos\u00e9<\/p>\n","protected":false},"author":1,"featured_media":0,"comment_status":"","ping_status":"","sticky":false,"template":"","format":"standard","meta":{"colormag_page_container_layout":"default_layout","colormag_page_sidebar_layout":"default_layout","footnotes":""},"categories":[1],"tags":[],"class_list":["post-39485","post","type-post","status-publish","format-standard","hentry","category-sem-categoria"],"_links":{"self":[{"href":"https:\/\/euvivoaselecao.com.br\/index.php\/wp-json\/wp\/v2\/posts\/39485","targetHints":{"allow":["GET"]}}],"collection":[{"href":"https:\/\/euvivoaselecao.com.br\/index.php\/wp-json\/wp\/v2\/posts"}],"about":[{"href":"https:\/\/euvivoaselecao.com.br\/index.php\/wp-json\/wp\/v2\/types\/post"}],"author":[{"embeddable":true,"href":"https:\/\/euvivoaselecao.com.br\/index.php\/wp-json\/wp\/v2\/users\/1"}],"replies":[{"embeddable":true,"href":"https:\/\/euvivoaselecao.com.br\/index.php\/wp-json\/wp\/v2\/comments?post=39485"}],"version-history":[{"count":0,"href":"https:\/\/euvivoaselecao.com.br\/index.php\/wp-json\/wp\/v2\/posts\/39485\/revisions"}],"wp:attachment":[{"href":"https:\/\/euvivoaselecao.com.br\/index.php\/wp-json\/wp\/v2\/media?parent=39485"}],"wp:term":[{"taxonomy":"category","embeddable":true,"href":"https:\/\/euvivoaselecao.com.br\/index.php\/wp-json\/wp\/v2\/categories?post=39485"},{"taxonomy":"post_tag","embeddable":true,"href":"https:\/\/euvivoaselecao.com.br\/index.php\/wp-json\/wp\/v2\/tags?post=39485"}],"curies":[{"name":"wp","href":"https:\/\/api.w.org\/{rel}","templated":true}]}}