{"id":39501,"date":"2025-01-25T01:49:44","date_gmt":"2025-01-25T04:49:44","guid":{"rendered":"https:\/\/euvivoaselecao.com.br\/index.php\/2025\/01\/25\/jica-finaliza-visita-tecnica-ao-vale-do-itajai-com-apresentacao-de-diagnostico\/"},"modified":"2025-01-25T01:49:44","modified_gmt":"2025-01-25T04:49:44","slug":"jica-finaliza-visita-tecnica-ao-vale-do-itajai-com-apresentacao-de-diagnostico","status":"publish","type":"post","link":"https:\/\/euvivoaselecao.com.br\/index.php\/2025\/01\/25\/jica-finaliza-visita-tecnica-ao-vale-do-itajai-com-apresentacao-de-diagnostico\/","title":{"rendered":"JICA finaliza visita t\u00e9cnica ao Vale do Itaja\u00ed com apresenta\u00e7\u00e3o de diagn\u00f3stico"},"content":{"rendered":"<p><\/p>\n<div>\n<figure class=\"wp-block-audio\"><audio controls=\"\" src=\"https:\/\/estado.sc.gov.br\/noticias\/wp-content\/uploads\/sites\/3\/2025\/01\/SECOM-Sonora-Diretora-Defesa-Civil-Visita-Jica.mp3\"\/><\/figure>\n<p><span id=\"more-335038\"\/><\/p>\n<p>A visita da Ag\u00eancia de Coopera\u00e7\u00e3o Internacional do Jap\u00e3o (JICA) a Santa Catarina chega ao fim nesta sexta-feira, 24, com a apresenta\u00e7\u00e3o do diagn\u00f3stico realizado durante a visita t\u00e9cnica aos munic\u00edpios de Navegantes e Blumenau, no Vale do Itaja\u00ed.<\/p>\n<p>O objetivo da miss\u00e3o foi avaliar interven\u00e7\u00f5es urban\u00edsticas e de infraestrutura para o controle das enchentes na regi\u00e3o.<\/p>\n<p>A miss\u00e3o, focada na an\u00e1lise da viabilidade de diferentes projetos estruturais e ambientais, busca implementar solu\u00e7\u00f5es eficientes para mitigar os danos causados pelas cheias recorrentes.<\/p>\n<p>Durante a visita, foi destacado o desafio de elaborar um planejamento integrado das obras, considerando toda a bacia hidrogr\u00e1fica, com interven\u00e7\u00f5es executadas de forma sequencial \u2014 da foz para o montante \u2014 para garantir efic\u00e1cia no controle das inunda\u00e7\u00f5es.<\/p>\n<p>A diretora Administrativa Financeira da Secretaria da Prote\u00e7\u00e3o e Defesa Civil, R\u00e9gia Panceri, faz um balan\u00e7o da visita e dos pr\u00f3ximos passos para a\u00e7\u00f5es de preven\u00e7\u00e3o na regi\u00e3o:<\/p>\n<p>SONORA<\/p>\n<\/p><\/div>\n","protected":false},"excerpt":{"rendered":"<p>A visita da Ag\u00eancia de Coopera\u00e7\u00e3o Internacional do Jap\u00e3o (JICA) a Santa Catarina chega ao fim nesta sexta-feira, 24, com<\/p>\n","protected":false},"author":1,"featured_media":0,"comment_status":"","ping_status":"","sticky":false,"template":"","format":"standard","meta":{"colormag_page_container_layout":"default_layout","colormag_page_sidebar_layout":"default_layout","footnotes":""},"categories":[1],"tags":[],"class_list":["post-39501","post","type-post","status-publish","format-standard","hentry","category-sem-categoria"],"_links":{"self":[{"href":"https:\/\/euvivoaselecao.com.br\/index.php\/wp-json\/wp\/v2\/posts\/39501","targetHints":{"allow":["GET"]}}],"collection":[{"href":"https:\/\/euvivoaselecao.com.br\/index.php\/wp-json\/wp\/v2\/posts"}],"about":[{"href":"https:\/\/euvivoaselecao.com.br\/index.php\/wp-json\/wp\/v2\/types\/post"}],"author":[{"embeddable":true,"href":"https:\/\/euvivoaselecao.com.br\/index.php\/wp-json\/wp\/v2\/users\/1"}],"replies":[{"embeddable":true,"href":"https:\/\/euvivoaselecao.com.br\/index.php\/wp-json\/wp\/v2\/comments?post=39501"}],"version-history":[{"count":0,"href":"https:\/\/euvivoaselecao.com.br\/index.php\/wp-json\/wp\/v2\/posts\/39501\/revisions"}],"wp:attachment":[{"href":"https:\/\/euvivoaselecao.com.br\/index.php\/wp-json\/wp\/v2\/media?parent=39501"}],"wp:term":[{"taxonomy":"category","embeddable":true,"href":"https:\/\/euvivoaselecao.com.br\/index.php\/wp-json\/wp\/v2\/categories?post=39501"},{"taxonomy":"post_tag","embeddable":true,"href":"https:\/\/euvivoaselecao.com.br\/index.php\/wp-json\/wp\/v2\/tags?post=39501"}],"curies":[{"name":"wp","href":"https:\/\/api.w.org\/{rel}","templated":true}]}}