{"id":39502,"date":"2025-01-25T02:27:46","date_gmt":"2025-01-25T05:27:46","guid":{"rendered":"https:\/\/euvivoaselecao.com.br\/index.php\/2025\/01\/25\/praia-limpa-comlurb-promove-campanha-de-conscientizacao-no-fim-de-semana-prefeitura-da-cidade-do-rio-de-janeiro\/"},"modified":"2025-01-25T02:27:46","modified_gmt":"2025-01-25T05:27:46","slug":"praia-limpa-comlurb-promove-campanha-de-conscientizacao-no-fim-de-semana-prefeitura-da-cidade-do-rio-de-janeiro","status":"publish","type":"post","link":"https:\/\/euvivoaselecao.com.br\/index.php\/2025\/01\/25\/praia-limpa-comlurb-promove-campanha-de-conscientizacao-no-fim-de-semana-prefeitura-da-cidade-do-rio-de-janeiro\/","title":{"rendered":"Praia Limpa: Comlurb promove campanha de conscientiza\u00e7\u00e3o no fim de semana &#8211; Prefeitura da Cidade do Rio de Janeiro"},"content":{"rendered":"<p><\/p>\n<div id=\"main\">\n<div class=\"wrapper-breadcrumbs\" wp_automatic_readability=\"41.494175122135\">\n<div class=\"image-post\" wp_automatic_readability=\"35\">\n                     No s\u00e1bado, a a\u00e7\u00e3o ocorre na Praia do Leme, enquanto no domingo ser\u00e1 do Arpoador at\u00e9 o Posto 9 &#8211; Divulga\u00e7\u00e3o                  <\/div>\n<p>Como parte do programa Praia Limpa, que conta com aumento do efetivo de garis e equipamentos durante o ver\u00e3o, a Comlurb promove neste fim de semana mais uma campanha de conscientiza\u00e7\u00e3o nas praias, com a participa\u00e7\u00e3o do gari Renato Sorriso e do grupo Chegando de Surpresa, composto por garis que cantam m\u00fasicas que tratam de forma bem-humorada do descarte correto de res\u00edduos. No s\u00e1bado (24\/1), a a\u00e7\u00e3o ocorre na Praia do Leme e, no domingo (25\/1), o evento ser\u00e1 do Arpoador at\u00e9 o Posto 9, em Ipanema, sempre a partir das 15h, para aproveitar a chegada e sa\u00edda dos banhistas no hor\u00e1rio de maior movimento.<\/p>\n<p>Durante o ver\u00e3o, a Comlurb conta com mais de 500 garis nos fins de semana e feriados, que trabalham com apoio de tratores de praia com implementos traseiros que peneiram a areia, e mini m\u00e1quinas saneadoras, que fazem o mesmo trabalho dos tratores, mas chegam em locais que eles n\u00e3o conseguem, como junto \u00e0s pedras e entre as redes de esportes. O servi\u00e7o de limpeza das praias conta ainda com varredeiras de pequeno, m\u00e9dio e grande porte que auxiliam no servi\u00e7o de varri\u00e7\u00e3o dos cal\u00e7ad\u00f5es, ciclovias e pistas; pipas d\u00b4\u00e1gua para limpeza hidr\u00e1ulica de cal\u00e7ad\u00f5es, ciclovias e pistas, al\u00e9m de carrinhos el\u00e9tricos para remo\u00e7\u00e3o de res\u00edduos, ambientalmente sustent\u00e1veis, sem ru\u00eddo, que n\u00e3o poluem e s\u00e3o de baixo custo, uma vez que necessitam apenas de recarga el\u00e9trica.<\/p>\n<p>A Comlurb disponibilizou cerca de 5 mil cont\u00eaineres, em pontos estrat\u00e9gicos de toda a orla da cidade, inclusive nas vias de acesso e passagens, incluindo os de grande capacidade para descarte de cocos. A\u00a0 Companhia faz um apelo para que, ao deixar a praia, os frequentadores fa\u00e7am uso dos cont\u00eaineres distribu\u00eddos ao longo da orla para facilitar o trabalho dos garis e dar ainda mais agilidade ao servi\u00e7o de limpeza das praias.<\/p>\n<p>             <!-- Compartilhe ---><\/p>\n<p>\t\t\t <!-- TAGS --><\/p>\n<section class=\"category-tags\">\n<div class=\"marcacao-category\">\n<article class=\"category-post\">\n<p>Categoria: <\/p>\n<\/article>\n<li>24 de janeiro de 2025<\/li><\/div>\n<article class=\"tags\">\n\t\t\t\t\tMarca\u00e7\u00f5es: campanha de conscientiza\u00e7\u00e3o Comlurb limpeza praias Programa Praia Limpa<br \/><\/article>\n<\/section>\n<p>            <!-- Mais Not&iacute;cias --><\/p>\n<p>\t\t<!-- Conte&uacute;do SIDEBAR --><\/p><\/div>\n<\/p><\/div>\n","protected":false},"excerpt":{"rendered":"<p>No s\u00e1bado, a a\u00e7\u00e3o ocorre na Praia do Leme, enquanto no domingo ser\u00e1 do Arpoador at\u00e9 o Posto 9 &#8211;<\/p>\n","protected":false},"author":1,"featured_media":0,"comment_status":"","ping_status":"","sticky":false,"template":"","format":"standard","meta":{"colormag_page_container_layout":"default_layout","colormag_page_sidebar_layout":"default_layout","footnotes":""},"categories":[1],"tags":[],"class_list":["post-39502","post","type-post","status-publish","format-standard","hentry","category-sem-categoria"],"_links":{"self":[{"href":"https:\/\/euvivoaselecao.com.br\/index.php\/wp-json\/wp\/v2\/posts\/39502","targetHints":{"allow":["GET"]}}],"collection":[{"href":"https:\/\/euvivoaselecao.com.br\/index.php\/wp-json\/wp\/v2\/posts"}],"about":[{"href":"https:\/\/euvivoaselecao.com.br\/index.php\/wp-json\/wp\/v2\/types\/post"}],"author":[{"embeddable":true,"href":"https:\/\/euvivoaselecao.com.br\/index.php\/wp-json\/wp\/v2\/users\/1"}],"replies":[{"embeddable":true,"href":"https:\/\/euvivoaselecao.com.br\/index.php\/wp-json\/wp\/v2\/comments?post=39502"}],"version-history":[{"count":0,"href":"https:\/\/euvivoaselecao.com.br\/index.php\/wp-json\/wp\/v2\/posts\/39502\/revisions"}],"wp:attachment":[{"href":"https:\/\/euvivoaselecao.com.br\/index.php\/wp-json\/wp\/v2\/media?parent=39502"}],"wp:term":[{"taxonomy":"category","embeddable":true,"href":"https:\/\/euvivoaselecao.com.br\/index.php\/wp-json\/wp\/v2\/categories?post=39502"},{"taxonomy":"post_tag","embeddable":true,"href":"https:\/\/euvivoaselecao.com.br\/index.php\/wp-json\/wp\/v2\/tags?post=39502"}],"curies":[{"name":"wp","href":"https:\/\/api.w.org\/{rel}","templated":true}]}}