{"id":39542,"date":"2025-01-26T12:10:39","date_gmt":"2025-01-26T15:10:39","guid":{"rendered":"https:\/\/euvivoaselecao.com.br\/index.php\/2025\/01\/26\/concerto-de-camara-leva-musica-classica-ao-cine-santana\/"},"modified":"2025-01-26T12:10:39","modified_gmt":"2025-01-26T15:10:39","slug":"concerto-de-camara-leva-musica-classica-ao-cine-santana","status":"publish","type":"post","link":"https:\/\/euvivoaselecao.com.br\/index.php\/2025\/01\/26\/concerto-de-camara-leva-musica-classica-ao-cine-santana\/","title":{"rendered":"Concerto de C\u00e2mara leva m\u00fasica cl\u00e1ssica ao Cine Santana"},"content":{"rendered":"<p><\/p>\n<div>\n<p><b>Jo\u00e3o Paulo Sardinha<\/b><br \/>&#13;<br \/>\n&#13;<br \/>\n                <span style=\"font-weight: bold;\">Funda\u00e7\u00e3o Cultural Cassiano Ricardo<\/span><\/p>\n<p><em>*Colaborou o estagi\u00e1rio Vin\u00edcius Fr\u00f3es.<\/em><\/p>\n<p>O Cine Santana, na regi\u00e3o norte de S\u00e3o Jos\u00e9 dos Campos, recebe no pr\u00f3ximo dia 31 de janeiro (sexta-feira), a partir das 19h, o projeto <span>Concerto de C\u00e2mara, da Orquestra Joseense.<\/span><\/p>\n<p><span>A entrada \u00e9 gratuita e livre para todos os p\u00fablicos. N\u00e3o h\u00e1 necessidade de reservar ingressos. Basta chegar e curtir!<\/span><\/p>\n<p>O evento n\u00e3o contar\u00e1 com a reg\u00eancia do maestro William Coelho por se tratar do concerto de C\u00e2mara. As apresenta\u00e7\u00f5es ser\u00e3o divididas por instrumentos.<\/p>\n<p><span class=\"intertitulo\">Ficha T\u00e9cnica<\/span><\/p>\n<p>Instrumento: Contrabaixo <br \/>Musicista: Davi Ciriaco <br \/>M\u00fasica: Courante e Prel\u00fadio da Su\u00edte N\u00ba 01 para violoncelo, de J.S. Bach<br \/>Dura\u00e7\u00e3o: 4 minutos<\/p>\n<p>Instrumento: Viola e Violino<br \/>Musicistas: Eloisa Rocha e Lucas Azevedo <br \/>M\u00fasica: Rondeau do Duo de Violino e Viola, K.423, de W. A. Mozart <br \/>Dura\u00e7\u00e3o: 9 minutos<\/p>\n<p>Instrumento: Violino e Violoncelo<br \/>Musicistas: Gianpietro Saisi e Jo\u00e3o Nery<br \/>M\u00fasica: Duo para violino e violoncelo N\u00b01 em D\u00f3 Maior, WoO 27, de Ludwig van Beethoven<br \/>Dura\u00e7\u00e3o: 7 minutos<\/p>\n<p>Instrumento: Fagote<br \/>Musicistas: Osvanilson Castro e Patr\u00edcia Mastrella<br \/>M\u00fasica: Ecco ridente in cielo e Largo al factotum. \u00c1rias de &#8220;O Barbeiro de Sevilha&#8221; para dois fagotes, de Gioacchino Rossini<br \/>Dura\u00e7\u00e3o: 5 minutos<\/p>\n<p>Instrumento: Violino<br \/>Musicistas: Bruno Macedo, Lucas Pontes e Rafael Oliveira<br \/>M\u00fasica: Scherzino para tr\u00eas violinos em D\u00f3 menor, Op. 25. de Carl Mikuli<br \/>Dura\u00e7\u00e3o: 8 minutos<\/p>\n<p>Instrumento: Trompete<br \/>Musicista: Marcelo Carvalho<br \/>M\u00fasica: Intrada para trompete, de Otto Keting<br \/>Dura\u00e7\u00e3o: 5 minutos<\/p>\n<p>Instrumento: Obo\u00e9<br \/>Musicistas: Andr\u00e9 Massuia e Rafael Felipe<br \/>M\u00fasica: Allegro e Rondo de Tr\u00eas Duos Concertantes para obo\u00e9s, de W. Ferling<br \/>Dura\u00e7\u00e3o: 6 minutos<\/p>\n<p>Instrumento: Violino<br \/>Musicistas: Eduarda Carvalho e Alexandre Ara\u00fajo<br \/>M\u00fasica: Duo N\u00b0 5 de Seis Pequenos Duetos, Op. 48, de Ignaz Pleyel. Allegro &#8211; Andante &#8211; Allegro.<br \/>Dura\u00e7\u00e3o: 7 minutos<\/p>\n<p>Instrumento: Clarinete<br \/>Musicistas: Anderson Menezes e Evandro Alves <br \/>M\u00fasica: Bifonia, de Ernani Aguiar<br \/>Dura\u00e7\u00e3o: 5 minutos<\/p>\n<p>Instrumento: Viola e Violino<br \/>Musicistas: Jos\u00e9 Ot\u00e1vio Salvador e Ronilson Misael<br \/>M\u00fasica: Por Una Cabeza, de Carlos Gardel<br \/>Dura\u00e7\u00e3o: 5 minutos<\/p>\n<p><span class=\"intertitulo\">Servi\u00e7o<\/span><\/p>\n<p><strong>Cine Santana<\/strong><br \/>Endere\u00e7o:\u00a0Av. Rui Barbosa, 2005, Santana<br \/>Telefone:\u00a0(12) 3924-7306<br \/>E-mail:\u00a0csantana@fccr.sp.gov.br<\/p>\n<p>&#13;<br \/>\n                        <strong>MAIS NOT\u00cdCIAS<\/strong><br \/>&#13;<br \/>\n                        Funda\u00e7\u00e3o Cultural Cassiano Ricardo&#13;\n                    <\/p>\n<\/p><\/div>\n","protected":false},"excerpt":{"rendered":"<p>Jo\u00e3o Paulo Sardinha&#13; &#13; Funda\u00e7\u00e3o Cultural Cassiano Ricardo *Colaborou o estagi\u00e1rio Vin\u00edcius Fr\u00f3es. O Cine Santana, na regi\u00e3o norte de<\/p>\n","protected":false},"author":1,"featured_media":0,"comment_status":"","ping_status":"","sticky":false,"template":"","format":"standard","meta":{"colormag_page_container_layout":"default_layout","colormag_page_sidebar_layout":"default_layout","footnotes":""},"categories":[1],"tags":[],"class_list":["post-39542","post","type-post","status-publish","format-standard","hentry","category-sem-categoria"],"_links":{"self":[{"href":"https:\/\/euvivoaselecao.com.br\/index.php\/wp-json\/wp\/v2\/posts\/39542","targetHints":{"allow":["GET"]}}],"collection":[{"href":"https:\/\/euvivoaselecao.com.br\/index.php\/wp-json\/wp\/v2\/posts"}],"about":[{"href":"https:\/\/euvivoaselecao.com.br\/index.php\/wp-json\/wp\/v2\/types\/post"}],"author":[{"embeddable":true,"href":"https:\/\/euvivoaselecao.com.br\/index.php\/wp-json\/wp\/v2\/users\/1"}],"replies":[{"embeddable":true,"href":"https:\/\/euvivoaselecao.com.br\/index.php\/wp-json\/wp\/v2\/comments?post=39542"}],"version-history":[{"count":0,"href":"https:\/\/euvivoaselecao.com.br\/index.php\/wp-json\/wp\/v2\/posts\/39542\/revisions"}],"wp:attachment":[{"href":"https:\/\/euvivoaselecao.com.br\/index.php\/wp-json\/wp\/v2\/media?parent=39542"}],"wp:term":[{"taxonomy":"category","embeddable":true,"href":"https:\/\/euvivoaselecao.com.br\/index.php\/wp-json\/wp\/v2\/categories?post=39542"},{"taxonomy":"post_tag","embeddable":true,"href":"https:\/\/euvivoaselecao.com.br\/index.php\/wp-json\/wp\/v2\/tags?post=39542"}],"curies":[{"name":"wp","href":"https:\/\/api.w.org\/{rel}","templated":true}]}}