{"id":39546,"date":"2025-01-26T16:22:43","date_gmt":"2025-01-26T19:22:43","guid":{"rendered":"https:\/\/euvivoaselecao.com.br\/index.php\/2025\/01\/26\/cine-rock-tera-cinco-bandas-na-primeira-edicao-do-ano\/"},"modified":"2025-01-26T16:22:43","modified_gmt":"2025-01-26T19:22:43","slug":"cine-rock-tera-cinco-bandas-na-primeira-edicao-do-ano","status":"publish","type":"post","link":"https:\/\/euvivoaselecao.com.br\/index.php\/2025\/01\/26\/cine-rock-tera-cinco-bandas-na-primeira-edicao-do-ano\/","title":{"rendered":"Cine Rock ter\u00e1 cinco bandas na primeira edi\u00e7\u00e3o do ano"},"content":{"rendered":"<p><\/p>\n<div>\n<p><b>Jo\u00e3o Paulo Sardinha<\/b><br \/>&#13;<br \/>\n&#13;<br \/>\n                <span style=\"font-weight: bold;\">Funda\u00e7\u00e3o Cultural Cassiano Ricardo<\/span><\/p>\n<p><em>*Colaborou a estagi\u00e1ria Walqu\u00edria\u00a0Teodoro.<\/em><\/p>\n<p>A primeira edi\u00e7\u00e3o do Cine Rock em 2025 vai reunir cinco bandas na pr\u00f3xima sexta-feira (31), a partir das 18h, no Palco do Arquivo.<\/p>\n<p><strong>Niandra<\/strong>, <strong>Cidade Curupira<\/strong>, <strong>Saltines<\/strong>, <strong>Anversa <\/strong>e <strong>Debrix<\/strong> agitam a noite no Parque da Cidade, regi\u00e3o norte de S\u00e3o Jos\u00e9 dos Campos.<\/p>\n<p>Al\u00e9m dos shows, o Cine Rock ter\u00e1 apresenta\u00e7\u00e3o do DJ Louiz e interven\u00e7\u00e3o art\u00edstica de dan\u00e7a vertical com a Cia Vertigo.<\/p>\n<p>Feira de vinil e food trucks tamb\u00e9m fazem parte da festa.<\/p>\n<p>Todas as apresenta\u00e7\u00f5es s\u00e3o gratuitas. A classifica\u00e7\u00e3o indicativa do evento \u00e9 de 18 anos.<\/p>\n<p><span class=\"intertitulo\">Programa\u00e7\u00e3o\u00a0<\/span><\/p>\n<p>18h &#8211; Abertura: DJ Lowiz<\/p>\n<p>19h &#8211; Niandra<\/p>\n<p>20h &#8211; Dan\u00e7a vertical: Cia Vertigo<\/p>\n<p>21h &#8211; Cidade Curupira<\/p>\n<p>22h &#8211; Saltines<\/p>\n<p>23h &#8211; Anversa<\/p>\n<p>0h &#8211; Encerramento: Debrix<\/p>\n<p><span class=\"intertitulo\">Servi\u00e7o<\/span><\/p>\n<p><strong>Palco do Arquivo<br \/><\/strong>Av. Olivo Gomes, 100 \u2013 Parque da Cidade, Santana<\/p>\n<p>\u00a0<\/p>\n<p>&#13;<br \/>\n                        <strong>MAIS NOT\u00cdCIAS<\/strong><br \/>&#13;<br \/>\n                        Funda\u00e7\u00e3o Cultural Cassiano Ricardo&#13;\n                    <\/p>\n<\/p><\/div>\n","protected":false},"excerpt":{"rendered":"<p>Jo\u00e3o Paulo Sardinha&#13; &#13; Funda\u00e7\u00e3o Cultural Cassiano Ricardo *Colaborou a estagi\u00e1ria Walqu\u00edria\u00a0Teodoro. A primeira edi\u00e7\u00e3o do Cine Rock em 2025<\/p>\n","protected":false},"author":1,"featured_media":0,"comment_status":"","ping_status":"","sticky":false,"template":"","format":"standard","meta":{"colormag_page_container_layout":"default_layout","colormag_page_sidebar_layout":"default_layout","footnotes":""},"categories":[1],"tags":[],"class_list":["post-39546","post","type-post","status-publish","format-standard","hentry","category-sem-categoria"],"_links":{"self":[{"href":"https:\/\/euvivoaselecao.com.br\/index.php\/wp-json\/wp\/v2\/posts\/39546","targetHints":{"allow":["GET"]}}],"collection":[{"href":"https:\/\/euvivoaselecao.com.br\/index.php\/wp-json\/wp\/v2\/posts"}],"about":[{"href":"https:\/\/euvivoaselecao.com.br\/index.php\/wp-json\/wp\/v2\/types\/post"}],"author":[{"embeddable":true,"href":"https:\/\/euvivoaselecao.com.br\/index.php\/wp-json\/wp\/v2\/users\/1"}],"replies":[{"embeddable":true,"href":"https:\/\/euvivoaselecao.com.br\/index.php\/wp-json\/wp\/v2\/comments?post=39546"}],"version-history":[{"count":0,"href":"https:\/\/euvivoaselecao.com.br\/index.php\/wp-json\/wp\/v2\/posts\/39546\/revisions"}],"wp:attachment":[{"href":"https:\/\/euvivoaselecao.com.br\/index.php\/wp-json\/wp\/v2\/media?parent=39546"}],"wp:term":[{"taxonomy":"category","embeddable":true,"href":"https:\/\/euvivoaselecao.com.br\/index.php\/wp-json\/wp\/v2\/categories?post=39546"},{"taxonomy":"post_tag","embeddable":true,"href":"https:\/\/euvivoaselecao.com.br\/index.php\/wp-json\/wp\/v2\/tags?post=39546"}],"curies":[{"name":"wp","href":"https:\/\/api.w.org\/{rel}","templated":true}]}}