{"id":39598,"date":"2025-01-28T08:29:55","date_gmt":"2025-01-28T11:29:55","guid":{"rendered":"https:\/\/euvivoaselecao.com.br\/index.php\/2025\/01\/28\/prefeitura-de-joao-pessoa-realiza-roda-de-dialogo-para-celebrar-dia-nacional-da-visibilidade-trans\/"},"modified":"2025-01-28T08:29:55","modified_gmt":"2025-01-28T11:29:55","slug":"prefeitura-de-joao-pessoa-realiza-roda-de-dialogo-para-celebrar-dia-nacional-da-visibilidade-trans","status":"publish","type":"post","link":"https:\/\/euvivoaselecao.com.br\/index.php\/2025\/01\/28\/prefeitura-de-joao-pessoa-realiza-roda-de-dialogo-para-celebrar-dia-nacional-da-visibilidade-trans\/","title":{"rendered":"Prefeitura de Jo\u00e3o Pessoa realiza roda de di\u00e1logo para celebrar Dia Nacional da Visibilidade Trans"},"content":{"rendered":"<p><\/p>\n<div>\n<h5 class=\"text-primary\"\/>\n                        <!-- Mostra o t&iacute;tulo como um link para o link permanente do post --><\/p>\n<h2 class=\"mb-3\">Prefeitura de Jo\u00e3o Pessoa realiza roda de di\u00e1logo para celebrar Dia Nacional da Visibilidade Trans<\/h2>\n<p class=\"text-secondary font-italic mb-3 p-0\">&#13;<br \/>\n                            <i class=\"fa fa-calendar\"\/> 28\/01\/2025 | &#13;<br \/>\n                            <i class=\"fa fa-clock-o\"\/> 07:30 |&#13;<br \/>\n                            <i class=\"fa fa-eye\"\/> 58                        <\/p>\n<p>                        <!-- Mostra o conte&uacute;do do post em uma DIV --><\/p>\n<div class=\"\">\n<p>A Coordenadoria de Promo\u00e7\u00e3o \u00e0 Cidadania LGBT+ e de Igualdade Racial da Prefeitura de Jo\u00e3o Pessoa realiza, nesta quarta-feira (29), uma roda de di\u00e1logo com o tema \u2018Respeito e Resist\u00eancia\u2019 para celebrar o Dia Nacional da Visibilidade Trans. A abertura est\u00e1 prevista para as 9h, no audit\u00f3rio Fernanda Benvenutty, na sede da Casa Amarela, localizada no Parque Solon de Lucena. <\/p>\n<figure class=\"wp-block-gallery has-nested-images columns-default is-cropped wp-block-gallery-1 is-layout-flex wp-block-gallery-is-layout-flex\">\n<figure class=\"wp-block-image size-large\"><\/figure>\n<\/figure>\n<p>O coordenador de Promo\u00e7\u00e3o \u00e0 Cidadania LGBT+ e de Igualdade Racial de Jo\u00e3o Pessoa, Geraldo Filho, disse que o evento tem como objetivo celebrar a data e garantir os direitos da comunidade. \u201c Estamos levando servi\u00e7os aos nossos usu\u00e1rios como auriculoterapia, odontom\u00f3vel, aferi\u00e7\u00e3o de press\u00e3o e glicose, bem como cadastro junto ao Sine-JP, que estar\u00e1 presente na atividade, e tamb\u00e9m para o banco de dados e servi\u00e7os da coordena\u00e7\u00e3o\u201d. destacou.<\/p>\n<p>Para compor a roda de di\u00e1logo foram convidadas Clarisse Mack (jurista, historiadora e gestora em Diversidade e Inclus\u00e3o, sendo a primeira mulher trans do curso de direito da UFPB); Lorenzo Zimon (DJ, produtor, articulador social, ativista e cordelista) e Karina Esp\u00ednola Guedes (jornalista, empreendedora e assessora t\u00e9cnica da Cidadania de Jo\u00e3o Pessoa).<\/p>\n<p><strong>Servi\u00e7o \u2013<\/strong> A Coordenadoria Municipal de Promo\u00e7\u00e3o \u00e0 Cidadania LGBT e da Igualdade Racial fica localizada no Parque Solon de Lucena, 216 \u2013 Centro de Jo\u00e3o Pessoa. Mais informa\u00e7\u00f5es sobre os servi\u00e7os oferecidos pelo telefone 3222-8853 ou WhatsApp (83) 98730-6036.<\/p>\n<\/p><\/div>\n<\/p><\/div>\n","protected":false},"excerpt":{"rendered":"<p>Prefeitura de Jo\u00e3o Pessoa realiza roda de di\u00e1logo para celebrar Dia Nacional da Visibilidade Trans &#13; 28\/01\/2025 | &#13; 07:30<\/p>\n","protected":false},"author":1,"featured_media":0,"comment_status":"","ping_status":"","sticky":false,"template":"","format":"standard","meta":{"colormag_page_container_layout":"default_layout","colormag_page_sidebar_layout":"default_layout","footnotes":""},"categories":[1],"tags":[],"class_list":["post-39598","post","type-post","status-publish","format-standard","hentry","category-sem-categoria"],"_links":{"self":[{"href":"https:\/\/euvivoaselecao.com.br\/index.php\/wp-json\/wp\/v2\/posts\/39598","targetHints":{"allow":["GET"]}}],"collection":[{"href":"https:\/\/euvivoaselecao.com.br\/index.php\/wp-json\/wp\/v2\/posts"}],"about":[{"href":"https:\/\/euvivoaselecao.com.br\/index.php\/wp-json\/wp\/v2\/types\/post"}],"author":[{"embeddable":true,"href":"https:\/\/euvivoaselecao.com.br\/index.php\/wp-json\/wp\/v2\/users\/1"}],"replies":[{"embeddable":true,"href":"https:\/\/euvivoaselecao.com.br\/index.php\/wp-json\/wp\/v2\/comments?post=39598"}],"version-history":[{"count":0,"href":"https:\/\/euvivoaselecao.com.br\/index.php\/wp-json\/wp\/v2\/posts\/39598\/revisions"}],"wp:attachment":[{"href":"https:\/\/euvivoaselecao.com.br\/index.php\/wp-json\/wp\/v2\/media?parent=39598"}],"wp:term":[{"taxonomy":"category","embeddable":true,"href":"https:\/\/euvivoaselecao.com.br\/index.php\/wp-json\/wp\/v2\/categories?post=39598"},{"taxonomy":"post_tag","embeddable":true,"href":"https:\/\/euvivoaselecao.com.br\/index.php\/wp-json\/wp\/v2\/tags?post=39598"}],"curies":[{"name":"wp","href":"https:\/\/api.w.org\/{rel}","templated":true}]}}