{"id":39599,"date":"2025-01-28T09:11:59","date_gmt":"2025-01-28T12:11:59","guid":{"rendered":"https:\/\/euvivoaselecao.com.br\/index.php\/2025\/01\/28\/espetaculo-rastros-e-atracao-no-bar-de-quinta-e-no-cine-rock\/"},"modified":"2025-01-28T09:11:59","modified_gmt":"2025-01-28T12:11:59","slug":"espetaculo-rastros-e-atracao-no-bar-de-quinta-e-no-cine-rock","status":"publish","type":"post","link":"https:\/\/euvivoaselecao.com.br\/index.php\/2025\/01\/28\/espetaculo-rastros-e-atracao-no-bar-de-quinta-e-no-cine-rock\/","title":{"rendered":"Espet\u00e1culo \u2018Rastros\u2019 \u00e9 atra\u00e7\u00e3o no Bar de Quinta e no Cine Rock"},"content":{"rendered":"<p><\/p>\n<div>\n<p><b\/><br \/>&#13;<br \/>\n&#13;<br \/>\n                <span style=\"font-weight: bold;\">Funda\u00e7\u00e3o Cultural Cassiano Ricardo<\/span><\/p>\n<p>As edi\u00e7\u00f5es do Bar de Quinta e do Cine Rock, que acontecem nesta semana, no Parque da Cidade, apresentam uma atra\u00e7\u00e3o especial para o p\u00fablico. O espet\u00e1culo de dan\u00e7a vertical \u201cRastros\u201d, da Cia V\u00e9rtigo, vai explorar a rica cultura afro-brasileira, integrando elementos de ancestralidade africana e ind\u00edgena.<\/p>\n<p>O grupo se apresenta na pr\u00f3xima quinta e sexta-feira, \u00e0s 20h, ao lado do Palco do Arquivo, onde acontecem o Bar de Quinta e o Cine Rock.<\/p>\n<p>O espet\u00e1culo volta a acontecer nos dias 5 e 6 de fevereiro, na Casa de Cultura Fl\u00e1vio Craveiro, no Dom Pedro 1\u00ba, regi\u00e3o sul de S\u00e3o Jos\u00e9 dos Campos.<\/p>\n<p><span class=\"intertitulo\">Apresenta\u00e7\u00e3o<\/span><\/p>\n<p>Com uma trilha sonora cuidadosamente composta e bailarinos suspensos, dan\u00e7ando em superf\u00edcie vertical e interagindo com pinturas digitais em tempo real, \u201cRastros\u201d se inicia com sons simb\u00f3licos do Big Bang e batimentos card\u00edacos, evocando o in\u00edcio da vida e da cria\u00e7\u00e3o do universo. Combinando percuss\u00f5es e cantos ancestrais, o espet\u00e1culo celebra as ra\u00edzes dos povos origin\u00e1rios, refor\u00e7ando a import\u00e2ncia da heran\u00e7a cultural na identidade brasileira.<\/p>\n<p>O projeto \u00e9 realizado por meio do edital LPG006\/FCCR\/2024 \u201cFomento Mostra de Interven\u00e7\u00f5es Art\u00edsticas e Culturais\u201d.<\/p>\n<\/p>\n<p><span class=\"intertitulo\">Bar de Quinta e Cine Rock<\/span><\/p>\n<p>Na quinta-feira (30), o espet\u00e1culo acontecer\u00e1 antes da apresenta\u00e7\u00e3o da banda Destrambelhados, no Bar de Quinta, projeto desenvolvido pela Funda\u00e7\u00e3o Cultural Cassiano Ricardo com objetivo de abrir espa\u00e7o e valorizar grupos da cena autoral musical.<\/p>\n<p>J\u00e1 na sexta (31), a apresenta\u00e7\u00e3o \u201cRastros\u201d acontecer\u00e1 no Cine Rock, projeto da FCCR que incentiva o jeito brasileiro de se fazer rock, com bate-papo sobre viv\u00eancias culturais, feira de vinil, espa\u00e7o gastron\u00f4mico e shows com bandas de rock da regi\u00e3o.<\/p>\n<p><span class=\"intertitulo\">Oficina de dan\u00e7a vertical<\/span><\/p>\n<p>Aos interessados em aprender a t\u00e9cnica da dan\u00e7a vertical, na sexta-feira (31), das 14h \u00e0s 16h, a circense, bailarina e acrobata a\u00e9rea da Cia V\u00e9rtigo Gabriela Bagno conduzir\u00e1 uma oficina gratuita, para pessoas acima de 16 anos, no Centro Cultural Clemente Gomes (Espa\u00e7o do Palco do Arquivo). As inscri\u00e7\u00f5es podem ser feitas exclusivamente pelo link &#8211; https:\/\/abre.ai\/lU4d &#8211; e as vagas s\u00e3o limitadas.<\/p>\n<p><span class=\"intertitulo\">Servi\u00e7o<\/span><\/p>\n<p><strong>Palco do Arquivo<br \/><\/strong>Endere\u00e7o: Av. Olivo Gomes, 100, Parque da Cidade \u2013 Santana<\/p>\n<p>&#13;<br \/>\n                        <strong>MAIS NOT\u00cdCIAS<\/strong><br \/>&#13;<br \/>\n                        Funda\u00e7\u00e3o Cultural Cassiano Ricardo&#13;\n                    <\/p>\n<\/p><\/div>\n","protected":false},"excerpt":{"rendered":"<p>&#13; &#13; Funda\u00e7\u00e3o Cultural Cassiano Ricardo As edi\u00e7\u00f5es do Bar de Quinta e do Cine Rock, que acontecem nesta semana,<\/p>\n","protected":false},"author":1,"featured_media":0,"comment_status":"","ping_status":"","sticky":false,"template":"","format":"standard","meta":{"colormag_page_container_layout":"default_layout","colormag_page_sidebar_layout":"default_layout","footnotes":""},"categories":[1],"tags":[],"class_list":["post-39599","post","type-post","status-publish","format-standard","hentry","category-sem-categoria"],"_links":{"self":[{"href":"https:\/\/euvivoaselecao.com.br\/index.php\/wp-json\/wp\/v2\/posts\/39599","targetHints":{"allow":["GET"]}}],"collection":[{"href":"https:\/\/euvivoaselecao.com.br\/index.php\/wp-json\/wp\/v2\/posts"}],"about":[{"href":"https:\/\/euvivoaselecao.com.br\/index.php\/wp-json\/wp\/v2\/types\/post"}],"author":[{"embeddable":true,"href":"https:\/\/euvivoaselecao.com.br\/index.php\/wp-json\/wp\/v2\/users\/1"}],"replies":[{"embeddable":true,"href":"https:\/\/euvivoaselecao.com.br\/index.php\/wp-json\/wp\/v2\/comments?post=39599"}],"version-history":[{"count":0,"href":"https:\/\/euvivoaselecao.com.br\/index.php\/wp-json\/wp\/v2\/posts\/39599\/revisions"}],"wp:attachment":[{"href":"https:\/\/euvivoaselecao.com.br\/index.php\/wp-json\/wp\/v2\/media?parent=39599"}],"wp:term":[{"taxonomy":"category","embeddable":true,"href":"https:\/\/euvivoaselecao.com.br\/index.php\/wp-json\/wp\/v2\/categories?post=39599"},{"taxonomy":"post_tag","embeddable":true,"href":"https:\/\/euvivoaselecao.com.br\/index.php\/wp-json\/wp\/v2\/tags?post=39599"}],"curies":[{"name":"wp","href":"https:\/\/api.w.org\/{rel}","templated":true}]}}