{"id":39601,"date":"2025-01-28T09:53:42","date_gmt":"2025-01-28T12:53:42","guid":{"rendered":"https:\/\/euvivoaselecao.com.br\/index.php\/2025\/01\/28\/santa-catarina-tem-mais-de-9-mil-vagas-de-emprego-no-sine\/"},"modified":"2025-01-28T09:53:42","modified_gmt":"2025-01-28T12:53:42","slug":"santa-catarina-tem-mais-de-9-mil-vagas-de-emprego-no-sine","status":"publish","type":"post","link":"https:\/\/euvivoaselecao.com.br\/index.php\/2025\/01\/28\/santa-catarina-tem-mais-de-9-mil-vagas-de-emprego-no-sine\/","title":{"rendered":"Santa Catarina tem mais de 9 mil vagas de emprego no Sine"},"content":{"rendered":"<p><\/p>\n<div>\n<p><em>Do total, 291 s\u00e3o destinadas exclusivamente a pessoas com defici\u00eancia (PCD) \u2013 Foto: <\/em>Mauricio Vieira\/Arquivo\/Secom<\/p>\n<p>O Sistema Nacional de Emprego (Sine) em Santa Catarina oferece atualmente 9.416 vagas de emprego em diversas \u00e1reas e setores. Dessas vagas, 291 s\u00e3o destinadas exclusivamente a pessoas com defici\u00eancia (PCD).<\/p>\n<p>As oportunidades est\u00e3o em todas as regi\u00f5es do estado. Os interessados podem se cadastrar e buscar informa\u00e7\u00f5es sobre as vagas pelo portal Emprega Brasil ou diretamente nas unidades do Sine espalhadas pelo estado.<\/p>\n<p>\u201cA economia de Santa Catarina est\u00e1 crescendo acima da m\u00e9dia nacional, o que tem impulsionado a cria\u00e7\u00e3o de vagas de emprego. Esta \u00e9 uma excelente oportunidade para aquele trabalhador ou trabalhadora que busca um primeiro emprego ou recoloca\u00e7\u00e3o no mercado de trabalho\u201d, afirma Silvio Dreveck, secret\u00e1rio de Estado de Ind\u00fastria, Com\u00e9rcio e Servi\u00e7o.<\/p>\n<h4 class=\"wp-block-heading\"><strong>:: Confira as vagas por regi\u00e3o<\/strong><\/h4>\n<h4 class=\"wp-block-heading\"><strong>GRANDE FLORIAN\u00d3POLIS \u2013 2.256 vagas<\/strong><\/h4>\n<ul>\n<li>Bigua\u00e7u 41<\/li>\n<li>Florian\u00f3polis 683 pcd 33<\/li>\n<li>Palho\u00e7a 98<\/li>\n<li>S\u00e3o Jo\u00e3o Batista 41 pcd 03<\/li>\n<li>S\u00e3o Jos\u00e9 609<\/li>\n<li>Tijucas 1393<\/li>\n<\/ul>\n<h4 class=\"wp-block-heading\"><strong>VALE DO ITAJA\u00cd \u2013 2.947 vagas<\/strong><\/h4>\n<ul>\n<li>Balne\u00e1rio Cambori\u00fa\u00a0 604<\/li>\n<li>Blumenau 212 pcd 33<\/li>\n<li>Brusque 270 pcd 04<\/li>\n<li>Gaspar 39 pcd 01<\/li>\n<li>Ibirama 22<\/li>\n<li>Indaial 705<\/li>\n<li>Itaja\u00ed 287 pcd 61<\/li>\n<li>Itapema 327<\/li>\n<li>Navegantes 65<\/li>\n<li>Penha 125<\/li>\n<li>Rio do Sul 67<\/li>\n<li>Timb\u00f3 106<\/li>\n<\/ul>\n<h4 class=\"wp-block-heading\"><strong>OESTE \u2013 1.147 vagas<\/strong><\/h4>\n<ul>\n<li>Abelardo Luz 25<\/li>\n<li>Chapec\u00f3\u00a0 347 pcd 13<\/li>\n<li>Conc\u00f3rdia 120<\/li>\n<li>S\u00e3o Louren\u00e7o d \u0301Oeste 47<\/li>\n<li>S\u00e3o Miguel D\u2019Oeste 335<\/li>\n<li>Seara\u00a0 228 pcd 61<\/li>\n<li>Xanxer\u00ea 28 pcd 01<\/li>\n<\/ul>\n<h4 class=\"wp-block-heading\"><strong>SUL \u2013 1.336 vagas<\/strong><\/h4>\n<ul>\n<li>Ararangu\u00e1 353 pcd 03<\/li>\n<li>Bra\u00e7o do Norte 10<\/li>\n<li>Capivari de Baixo\u00a0 04<\/li>\n<li>Cocal do Sul 14<\/li>\n<li>Crici\u00fama 87 pcd 05<\/li>\n<li>Forquilhinha\u00a0 44<\/li>\n<li>Garopaba 195<\/li>\n<li>I\u00e7ara 04<\/li>\n<li>Imbituba 100<\/li>\n<li>Laguna 91<\/li>\n<li>Morro da Fuma\u00e7a 196 pcd 01<\/li>\n<li>Praia Grande 11<\/li>\n<li>Sider\u00f3polis 29<\/li>\n<li>Tubar\u00e3o 194 pcd 04<\/li>\n<li>Turvo 02<\/li>\n<li>Urussanga 02<\/li>\n<\/ul>\n<h4 class=\"wp-block-heading\"><strong>NORTE \u2013\u00a0 1.042 vagas<\/strong><\/h4>\n<ul>\n<li>Araquari 210<\/li>\n<li>Garuva 54<\/li>\n<li>Guaramirim 05<\/li>\n<li>Itai\u00f3polis 45<\/li>\n<li>Joinville\u00a0 317 pcd 45<\/li>\n<li>Mafra 103<\/li>\n<li>Papanduva 07<\/li>\n<li>Porto Uni\u00e3o 19<\/li>\n<li>Rio Negrinho 105<\/li>\n<li>S\u00e3o Bento do Sul\u00a0 112 pcd 04<\/li>\n<li>S\u00e3o Francisco do Sul\u00a0 65 pcd 05<\/li>\n<\/ul>\n<h4 class=\"wp-block-heading\"><strong>MEIO-OESTE \u2013\u00a0 470 vagas<\/strong><\/h4>\n<ul>\n<li>Campos Novos 109 pcd 01<\/li>\n<li>Ca\u00e7ador 227<\/li>\n<li>Capinzal 47<\/li>\n<li>Curitibanos 37<\/li>\n<li>Joa\u00e7aba 42 pcd 01<\/li>\n<li>Videira 08<\/li>\n<\/ul>\n<h4 class=\"wp-block-heading\"><strong>SERRA CATARINENSE \u2013\u00a0 218 vagas<\/strong><\/h4>\n<ul>\n<li>Lages 166 pcd 12<\/li>\n<li>S\u00e3o Joaquim 52<\/li>\n<\/ul><\/div>\n","protected":false},"excerpt":{"rendered":"<p>Do total, 291 s\u00e3o destinadas exclusivamente a pessoas com defici\u00eancia (PCD) \u2013 Foto: Mauricio Vieira\/Arquivo\/Secom O Sistema Nacional de Emprego<\/p>\n","protected":false},"author":1,"featured_media":0,"comment_status":"","ping_status":"","sticky":false,"template":"","format":"standard","meta":{"colormag_page_container_layout":"default_layout","colormag_page_sidebar_layout":"default_layout","footnotes":""},"categories":[1],"tags":[],"class_list":["post-39601","post","type-post","status-publish","format-standard","hentry","category-sem-categoria"],"_links":{"self":[{"href":"https:\/\/euvivoaselecao.com.br\/index.php\/wp-json\/wp\/v2\/posts\/39601","targetHints":{"allow":["GET"]}}],"collection":[{"href":"https:\/\/euvivoaselecao.com.br\/index.php\/wp-json\/wp\/v2\/posts"}],"about":[{"href":"https:\/\/euvivoaselecao.com.br\/index.php\/wp-json\/wp\/v2\/types\/post"}],"author":[{"embeddable":true,"href":"https:\/\/euvivoaselecao.com.br\/index.php\/wp-json\/wp\/v2\/users\/1"}],"replies":[{"embeddable":true,"href":"https:\/\/euvivoaselecao.com.br\/index.php\/wp-json\/wp\/v2\/comments?post=39601"}],"version-history":[{"count":0,"href":"https:\/\/euvivoaselecao.com.br\/index.php\/wp-json\/wp\/v2\/posts\/39601\/revisions"}],"wp:attachment":[{"href":"https:\/\/euvivoaselecao.com.br\/index.php\/wp-json\/wp\/v2\/media?parent=39601"}],"wp:term":[{"taxonomy":"category","embeddable":true,"href":"https:\/\/euvivoaselecao.com.br\/index.php\/wp-json\/wp\/v2\/categories?post=39601"},{"taxonomy":"post_tag","embeddable":true,"href":"https:\/\/euvivoaselecao.com.br\/index.php\/wp-json\/wp\/v2\/tags?post=39601"}],"curies":[{"name":"wp","href":"https:\/\/api.w.org\/{rel}","templated":true}]}}