{"id":39602,"date":"2025-01-28T10:35:49","date_gmt":"2025-01-28T13:35:49","guid":{"rendered":"https:\/\/euvivoaselecao.com.br\/index.php\/2025\/01\/28\/abertas-inscricoes-para-a-2a-turma-do-curso-normal-medio-indigena-territorio-etnoeducacional-povos-do-pantanal\/"},"modified":"2025-01-28T10:35:49","modified_gmt":"2025-01-28T13:35:49","slug":"abertas-inscricoes-para-a-2a-turma-do-curso-normal-medio-indigena-territorio-etnoeducacional-povos-do-pantanal","status":"publish","type":"post","link":"https:\/\/euvivoaselecao.com.br\/index.php\/2025\/01\/28\/abertas-inscricoes-para-a-2a-turma-do-curso-normal-medio-indigena-territorio-etnoeducacional-povos-do-pantanal\/","title":{"rendered":"Abertas inscri\u00e7\u00f5es para a 2\u00aa turma do Curso Normal M\u00e9dio Ind\u00edgena Territ\u00f3rio Etnoeducacional Povos do Pantanal"},"content":{"rendered":"<p><\/p>\n<div>\n<p style=\"text-align: center;\"><em>O CEFPI-MS estar\u00e1 recebendo a fichas de inscri\u00e7\u00f5es e as cartas de inten\u00e7\u00f5es, independentemente da modalidade de inscri\u00e7\u00e3o escolhida pelo candidato, at\u00e9 dia de 07 de fevereiro de 2025. <\/em><\/p>\n<p>A SED (Secretaria de Estado de Educa\u00e7\u00e3o), por interm\u00e9dio do CEFPI-MS (Centro Estadual de Forma\u00e7\u00e3o de Professores Ind\u00edgenas de Mato Grosso do Sul), em regime de coopera\u00e7\u00e3o com munic\u00edpios pactuados no Plano de A\u00e7\u00e3o do Territ\u00f3rio Etnoeducacional Povos do Pantanal, torna p\u00fablico o edital de abertura de vagas do 2\u00aa turma do Curso Normal M\u00e9dio Ind\u00edgena Territ\u00f3rio Etnoeducacional Povos do Pantanal \u2013 Habilita\u00e7\u00e3o em Educa\u00e7\u00e3o Infantil e Anos Iniciais do Ensino Fundamental da Extens\u00e3o Eliseu Lili \u2013 Ind\u00edgenas em contexto urbano (Campo Grande).<\/p>\n<p>A abertura do processo seletivo foi considerando a necessidade de preenchimento de vagas da 2\u00aa turma do Curso de Normal M\u00e9dio Intercultural Ind\u00edgena Povos do Pantanal, para candidatos ind\u00edgenas que conclu\u00edram o Ensino M\u00e9dio ou equivalente e que sejam das etnias que comp\u00f5em o Territ\u00f3rio Etnoeducacional Povos do Pantanal, a saber: Atikum, Guat\u00f3, Kinikinau, Kadiw\u00e9u, Ofai\u00e9 e Terena.<\/p>\n<p><strong>Vagas <\/strong><\/p>\n<p>Os interessados nas 40 vagas ofertadas, dever\u00e3o manifestar interesse em participar do processo seletivo encaminhando ao CEFPI-MS, a ficha de inscri\u00e7\u00e3o (anexa) devidamente preenchida, bem como uma carta de inten\u00e7\u00e3o expondo seus motivos para o ingresso na forma\u00e7\u00e3o de professores, conforme modelo em anexo no edital.<\/p>\n<p>Tem direito a concorrer \u00e0s vagas ofertadas neste Edital, o candidato que atender os seguintes requisitos:<\/p>\n<ol>\n<li>a) Ter conclu\u00eddo o Ensino M\u00e9dio ou equivalente;<\/li>\n<li>b) ser ind\u00edgena das etnias: Atikum, Guat\u00f3, Kinikinau, Kadiw\u00e9u, Ofai\u00e9 ou Terena;<\/li>\n<li>c) residir no Territ\u00f3rio Etnoeducacional Povos do Pantanal;<\/li>\n<li>d) em exerc\u00edcio da doc\u00eancia sem forma\u00e7\u00e3o inicial;<\/li>\n<\/ol>\n<p><strong>Inscri\u00e7\u00f5es <\/strong><\/p>\n<p>As inscri\u00e7\u00f5es para o ingresso no Curso de Normal M\u00e9dio Intercultural Ind\u00edgena Povos do Pantanal ser\u00e3o realizadas atrav\u00e9s de ficha de inscri\u00e7\u00e3o e carta de inten\u00e7\u00e3o do candidato endere\u00e7adas a Comiss\u00e3o de Sele\u00e7\u00e3o do Centro Estadual de Forma\u00e7\u00e3o de Professores Ind\u00edgenas de Mato Grosso do Sul entregue via endere\u00e7o eletr\u00f4nico: cefpi@sed.ms.gov.br ou via carta registrada, para o seguinte endere\u00e7o:<\/p>\n<p><em>Centro Estadual de Forma\u00e7\u00e3o de Professores Ind\u00edgenas de Mato Grosso do Sul (CEFPI-MS) <\/em><\/p>\n<p><em>A\/C: Comiss\u00e3o de Sele\u00e7\u00e3o <\/em><\/p>\n<p><em>Rua: 13 de Maio, 1090, 3\u00ba andar, apt 01, Vila Gl\u00f3ria, CEP: 79004-420, Campo Grande\/MS. <\/em><\/p>\n<p>O CEFPI-MS estar\u00e1 recebendo a fichas de inscri\u00e7\u00f5es e as cartas de inten\u00e7\u00f5es, independentemente da modalidade de inscri\u00e7\u00e3o escolhida pelo candidato at\u00e9 a data de <strong>07 de fevereiro de 2025<\/strong>.<\/p>\n<p>As d\u00favidas quanto \u00e0 abertura de vagas poder\u00e3o ser esclarecidas pelo telefone (67) 3349 -1228, e\/ ou atrav\u00e9s do e-mail: <span style=\"color: #0000ff;\">cefpi@sed.ms.gov.br<\/span>.<\/p>\n<p><span style=\"color: #0000ff;\"><strong>EDITAL N\u00ba 02\/2025 \u2013 EDITAL DE ABERTURA DE VAGAS DO CURSO NORMAL M\u00c9DIO IND\u00cdGENA TERRIT\u00d3RIO ETNOEDUCACIONAL POVOS DO PANTANAL \u2013 HABILITA\u00c7\u00c3O EM EDUCA\u00c7\u00c3O INFANTIL E ANOS INICIAIS DO ENSINO FUNDAMENTAL DA EXTENS\u00c3O ELISEU LILI \u2013 CONTEXTO URBANO (CAMPO GRANDE) <\/strong><\/span><\/p>\n<p><span style=\"color: #0000ff;\"><strong>FICHA DE INSCRI\u00c7\u00c3O \u2013 EDITAL N\u00ba02\/2025 CEFPI-MS \u2013 2025<\/strong><\/span><\/p>\n<p><em>Adersino Junior, Comunica\u00e7\u00e3o SED<\/em><\/p>\n<p>&#8212;<br \/><strong>Relacionada:<\/strong><\/p>\n<blockquote class=\"wp-embedded-content\" data-secret=\"mSgjGqvAE7\">\n<p>Inscri\u00e7\u00f5es para Curso Normal M\u00e9dio Intercultural Ind\u00edgena Povos do Pantanal encerram em 7 de fevereiro<\/p>\n<\/blockquote>\n<p><iframe loading=\"lazy\" class=\"wp-embedded-content\" sandbox=\"allow-scripts\" security=\"restricted\" style=\"position: absolute; visibility: hidden;\" title=\"\u201cInscri\u00e7\u00f5es para Curso Normal M\u00e9dio Intercultural Ind\u00edgena Povos do Pantanal encerram em 7 de fevereiro\u201d \u2014 Ag\u00eancia de Noticias do Governo de Mato Grosso do Sul\" src=\"https:\/\/agenciadenoticias.ms.gov.br\/inscricoes-para-curso-normal-medio-intercultural-indigena-povos-do-pantanal-encerram-em-7-de-fevereiro\/embed\/#?secret=gsTxvpxDfT#?secret=mSgjGqvAE7\" data-secret=\"mSgjGqvAE7\" width=\"500\" height=\"282\" frameborder=\"0\" marginwidth=\"0\" marginheight=\"0\" scrolling=\"no\"><\/iframe><\/p>\n<\/div>\n","protected":false},"excerpt":{"rendered":"<p>O CEFPI-MS estar\u00e1 recebendo a fichas de inscri\u00e7\u00f5es e as cartas de inten\u00e7\u00f5es, independentemente da modalidade de inscri\u00e7\u00e3o escolhida pelo<\/p>\n","protected":false},"author":1,"featured_media":0,"comment_status":"","ping_status":"","sticky":false,"template":"","format":"standard","meta":{"colormag_page_container_layout":"default_layout","colormag_page_sidebar_layout":"default_layout","footnotes":""},"categories":[1],"tags":[],"class_list":["post-39602","post","type-post","status-publish","format-standard","hentry","category-sem-categoria"],"_links":{"self":[{"href":"https:\/\/euvivoaselecao.com.br\/index.php\/wp-json\/wp\/v2\/posts\/39602","targetHints":{"allow":["GET"]}}],"collection":[{"href":"https:\/\/euvivoaselecao.com.br\/index.php\/wp-json\/wp\/v2\/posts"}],"about":[{"href":"https:\/\/euvivoaselecao.com.br\/index.php\/wp-json\/wp\/v2\/types\/post"}],"author":[{"embeddable":true,"href":"https:\/\/euvivoaselecao.com.br\/index.php\/wp-json\/wp\/v2\/users\/1"}],"replies":[{"embeddable":true,"href":"https:\/\/euvivoaselecao.com.br\/index.php\/wp-json\/wp\/v2\/comments?post=39602"}],"version-history":[{"count":0,"href":"https:\/\/euvivoaselecao.com.br\/index.php\/wp-json\/wp\/v2\/posts\/39602\/revisions"}],"wp:attachment":[{"href":"https:\/\/euvivoaselecao.com.br\/index.php\/wp-json\/wp\/v2\/media?parent=39602"}],"wp:term":[{"taxonomy":"category","embeddable":true,"href":"https:\/\/euvivoaselecao.com.br\/index.php\/wp-json\/wp\/v2\/categories?post=39602"},{"taxonomy":"post_tag","embeddable":true,"href":"https:\/\/euvivoaselecao.com.br\/index.php\/wp-json\/wp\/v2\/tags?post=39602"}],"curies":[{"name":"wp","href":"https:\/\/api.w.org\/{rel}","templated":true}]}}