{"id":39605,"date":"2025-01-28T12:34:55","date_gmt":"2025-01-28T15:34:55","guid":{"rendered":"https:\/\/euvivoaselecao.com.br\/index.php\/2025\/01\/28\/confira-a-programacao-gratuita-das-bibliotecas-municipais-de-sorocaba-no-mes-de-fevereiro-agencia-de-noticias\/"},"modified":"2025-01-28T12:34:55","modified_gmt":"2025-01-28T15:34:55","slug":"confira-a-programacao-gratuita-das-bibliotecas-municipais-de-sorocaba-no-mes-de-fevereiro-agencia-de-noticias","status":"publish","type":"post","link":"https:\/\/euvivoaselecao.com.br\/index.php\/2025\/01\/28\/confira-a-programacao-gratuita-das-bibliotecas-municipais-de-sorocaba-no-mes-de-fevereiro-agencia-de-noticias\/","title":{"rendered":"Confira a programa\u00e7\u00e3o gratuita das Bibliotecas Municipais de Sorocaba no m\u00eas de fevereiro \u2013 Ag\u00eancia de Not\u00edcias"},"content":{"rendered":"<p><\/p>\n<div wp_automatic_readability=\"31\">\n<div class=\"col\" wp_automatic_readability=\"7\">\n<p class=\"mt-0\">\n                        <strong><br \/>\n                            <span class=\"far fa-calendar mr-1 mt-2\"\/><br \/>\n                            28 de janeiro de 2025<br \/>\n                            <span class=\"far fa-clock ml-3 mt-2\"\/><br \/>\n                            11:39<br \/>\n                        <\/strong>\n                    <\/p>\n<p class=\"mb-0\">Por: <strong>Mariana Campos<\/strong><\/p>\n<\/p><\/div>\n<\/p><\/div>\n<div wp_automatic_readability=\"152\">\n<p>A Prefeitura de Sorocaba, por meio da Secretaria de Cultura (Secult), promover\u00e1 uma programa\u00e7\u00e3o gratuita na Biblioteca Municipal \u201cJorge Guilherme Senger\u201d, localizada no Alto da Boa Vista, e na Biblioteca Infantil Municipal \u201cRenato S\u00eaneca de S\u00e1 Fleury\u201d, que fica no Centro, neste m\u00eas de fevereiro.<\/p>\n<p>O objetivo das atividades \u00e9 aproximar a popula\u00e7\u00e3o do rico acervo das Bibliotecas Municipais de Sorocaba, al\u00e9m de incentivar o acesso \u00e0 leitura, com propostas art\u00edsticas e l\u00fadicas. Entre as op\u00e7\u00f5es, as fam\u00edlias sorocabanas poder\u00e3o participar de sess\u00e3o de cinema, oficinas, atividade de troca de livros, entre outras.<\/p>\n<p>A Biblioteca Municipal \u201cJorge Guilherme Senger\u201d est\u00e1 localizada na Rua Ministro Coqueijo Costa, 180, no Alto da Boa Vista, e funciona de segunda a sexta-feira, das 9h \u00e0s 17h. Mais informa\u00e7\u00f5es podem ser obtidas pelo telefone: (15) 3228-1955. J\u00e1 a Biblioteca Infantil Municipal \u201cRenato S\u00eaneca de S\u00e1 Fleury\u201d fica na Rua da Penha, 673, no Centro, e funciona de segunda a sexta-feira, das 8h \u00e0s 17h. Mais informa\u00e7\u00f5es, pelo telefone: (15) 3231-5723.<\/p>\n<p><strong>Programa\u00e7\u00e3o de fevereiro<\/strong><\/p>\n<p><span style=\"text-decoration: underline;\">5 de fevereiro (quarta-feira)<\/span><br \/><strong>Oficina de Desenho de Anime<\/strong><br \/>Hor\u00e1rio: 14h<br \/>Local: Biblioteca Infantil Municipal \u201cRenato S\u00eaneca de S\u00e1 Fleury\u201d (Rua da Penha, 673 \u2013 Centro)<br \/>Atividade voltada a crian\u00e7as a partir de 10 anos, adolescentes e adultos<br \/>Inscri\u00e7\u00f5es podem ser feitas pelo e-mail: eventos.bms@sorocaba.sp.gov.br, informando nome e idade do participante, nome da atividade e data<\/p>\n<p><span style=\"text-decoration: underline;\">7 de fevereiro (sexta-feira)<\/span><br \/><strong>Oficina de Desenho de Anime<\/strong><br \/>Hor\u00e1rio: 14h<br \/>Local: Biblioteca Municipal \u201cJorge Guilherme Senger\u201d (Rua Ministro Coqueijo Costa, 180 \u2013 Alto da Boa Vista)<br \/>Atividade voltada a crian\u00e7as a partir de 10 anos, adolescentes e adultos<br \/>Inscri\u00e7\u00f5es podem ser feitas pelo e-mail: eventos.bms@sorocaba.sp.gov.br, informando nome e idade do participante, nome da atividade e data<\/p>\n<p><span style=\"text-decoration: underline;\">12 de fevereiro (quarta-feira)<\/span><br \/><strong>Fa\u00e7a seu Planeta!<\/strong><br \/>Hor\u00e1rio: 14h<br \/>Local: Biblioteca Infantil Municipal \u201cRenato S\u00eaneca de S\u00e1 Fleury\u201d (Rua da Penha, 673 \u2013 Centro)<br \/>Atividade voltada a crian\u00e7as a partir de 6 anos, adolescentes e adultos<br \/>Inscri\u00e7\u00f5es podem ser feitas pelo e-mail: eventos.bms@sorocaba.sp.gov.br, informando nome e idade do participante, nome da atividade e data<\/p>\n<p><span style=\"text-decoration: underline;\">14 de fevereiro (sexta-feira)<\/span><br \/><strong>Fa\u00e7a seu Planeta!<\/strong><br \/>Hor\u00e1rio: 14h<br \/>Local: Biblioteca Municipal \u201cJorge Guilherme Senger\u201d (Rua Ministro Coqueijo Costa, 180 \u2013 Alto da Boa Vista)<br \/>Atividade voltada a crian\u00e7as a partir de 6 anos, adolescentes e adultos<br \/>Inscri\u00e7\u00f5es podem ser feitas pelo e-mail: eventos.bms@sorocaba.sp.gov.br, informando nome e idade do participante, nome da atividade e data<\/p>\n<p><span style=\"text-decoration: underline;\">19 de fevereiro (quarta-feira)<\/span><br \/><strong>Oficina Planner para 2025!<\/strong><br \/>Hor\u00e1rio: 14h<br \/>Local: Biblioteca Infantil Municipal \u201cRenato S\u00eaneca de S\u00e1 Fleury\u201d (Rua da Penha, 673 \u2013 Centro)<br \/>Atividade voltada a crian\u00e7as a partir de 10 anos, adolescentes e adultos<br \/>Inscri\u00e7\u00f5es podem ser feitas pelo e-mail: eventos.bms@sorocaba.sp.gov.br, informando nome e idade do participante, nome da atividade e data<\/p>\n<p><span style=\"text-decoration: underline;\">21 de fevereiro (sexta-feira)<\/span><br \/><strong>Oficina Planner para 2025!<\/strong><br \/>Hor\u00e1rio: 14h<br \/>Local: Biblioteca Municipal \u201cJorge Guilherme Senger\u201d (Rua Ministro Coqueijo Costa, 180 \u2013 Alto da Boa Vista)<br \/>Atividade voltada a crian\u00e7as a partir de 10 anos, adolescentes e adultos<br \/>Inscri\u00e7\u00f5es podem ser feitas pelo e-mail: eventos.bms@sorocaba.sp.gov.br, informando nome e idade do participante, nome da atividade e data<\/p>\n<p><span style=\"text-decoration: underline;\">26 de fevereiro (quarta-feira)<\/span><br \/><strong>Palestra \u201cO projeto \u2018Pequenas Cientistas\u2019\u201d, com a professora Dra. Maria Jos\u00e9 Fontana Gebara, da UFSCar Sorocaba, em comemora\u00e7\u00e3o ao Dia Internacional das Mulheres e Meninas na Ci\u00eancia (11 de fevereiro)<\/strong><br \/>Hor\u00e1rio: 14h<br \/>Local: Biblioteca Infantil Municipal \u201cRenato S\u00eaneca de S\u00e1 Fleury\u201d (Rua da Penha, 673 \u2013 Centro)<br \/>Atividade aberta a crian\u00e7as de 7 a 12 anos, sem necessidade de inscri\u00e7\u00e3o pr\u00e9via. Pais e respons\u00e1veis das meninas tamb\u00e9m podem participar<\/p>\n<p><span style=\"text-decoration: underline;\">26 de fevereiro (quarta-feira)<\/span><br \/><strong>Conversa e oficina \u201cDespertando Consci\u00eancia: Greta Thunberg e a necessidade de agir contra as mudan\u00e7as clim\u00e1ticas\u201d, com as professoras Let\u00edcia Estev\u00e3o Moraes e Leticia Asheley Gomes, em comemora\u00e7\u00e3o ao Dia Internacional das Mulheres e Meninas na Ci\u00eancia (11 de fevereiro)<\/strong><br \/>Hor\u00e1rio: 14h30<br \/>Local: Biblioteca Infantil Municipal \u201cRenato S\u00eaneca de S\u00e1 Fleury\u201d (Rua da Penha, 673 \u2013 Centro)<br \/>Atividade voltada a crian\u00e7as de 7 a 12 anos. Pais e respons\u00e1veis das meninas tamb\u00e9m podem participar<br \/>Inscri\u00e7\u00f5es podem ser feitas pelo e-mail: eventos.bms@sorocaba.sp.gov.br, informando nome e idade do participante, nome da atividade e data<\/p>\n<p><span style=\"text-decoration: underline;\">28 de fevereiro (sexta-feira)<\/span><br \/><strong>Troca de Livros<\/strong><br \/>Hor\u00e1rio: 13h \u00e0s 16h<br \/>Local: Biblioteca Municipal \u201cJorge Guilherme Senger\u201d (Rua Ministro Coqueijo Costa, 180 \u2013 Alto da Boa Vista)<br \/>Atividade aberta ao p\u00fablico em geral<\/p>\n<p><span style=\"text-decoration: underline;\">28 de fevereiro (sexta-feira)<\/span><br \/><strong>Sess\u00e3o de Cinema \u2013 \u201cA Fam\u00edlia Mitchell e a Revolta das M\u00e1quinas\u201d (2021)<\/strong><br \/>Hor\u00e1rio: 14h<br \/>Local: Biblioteca Municipal \u201cJorge Guilherme Senger\u201d (Rua Ministro Coqueijo Costa, 180 \u2013 Alto da Boa Vista)<br \/>Atividade aberta ao p\u00fablico em geral<\/p>\n<p>\u00a0<\/p>\n<div class=\"pms-galeria\" itemscope=\"\" itemtype=\"http:\/\/schema.org\/ImageGallery\">\n<p>\t\t<span itemprop=\"caption description\" style=\"display: none;\"\/><\/p>\n<p>\t\t<span itemprop=\"caption description\" style=\"display: none;\"\/><\/p><\/div>\n<p><!-- Root element of PhotoSwipe. Must have class pswp. --><\/p><\/div>\n","protected":false},"excerpt":{"rendered":"<p>28 de janeiro de 2025 11:39 Por: Mariana Campos A Prefeitura de Sorocaba, por meio da Secretaria de Cultura (Secult),<\/p>\n","protected":false},"author":1,"featured_media":0,"comment_status":"","ping_status":"","sticky":false,"template":"","format":"standard","meta":{"colormag_page_container_layout":"default_layout","colormag_page_sidebar_layout":"default_layout","footnotes":""},"categories":[1],"tags":[],"class_list":["post-39605","post","type-post","status-publish","format-standard","hentry","category-sem-categoria"],"_links":{"self":[{"href":"https:\/\/euvivoaselecao.com.br\/index.php\/wp-json\/wp\/v2\/posts\/39605","targetHints":{"allow":["GET"]}}],"collection":[{"href":"https:\/\/euvivoaselecao.com.br\/index.php\/wp-json\/wp\/v2\/posts"}],"about":[{"href":"https:\/\/euvivoaselecao.com.br\/index.php\/wp-json\/wp\/v2\/types\/post"}],"author":[{"embeddable":true,"href":"https:\/\/euvivoaselecao.com.br\/index.php\/wp-json\/wp\/v2\/users\/1"}],"replies":[{"embeddable":true,"href":"https:\/\/euvivoaselecao.com.br\/index.php\/wp-json\/wp\/v2\/comments?post=39605"}],"version-history":[{"count":0,"href":"https:\/\/euvivoaselecao.com.br\/index.php\/wp-json\/wp\/v2\/posts\/39605\/revisions"}],"wp:attachment":[{"href":"https:\/\/euvivoaselecao.com.br\/index.php\/wp-json\/wp\/v2\/media?parent=39605"}],"wp:term":[{"taxonomy":"category","embeddable":true,"href":"https:\/\/euvivoaselecao.com.br\/index.php\/wp-json\/wp\/v2\/categories?post=39605"},{"taxonomy":"post_tag","embeddable":true,"href":"https:\/\/euvivoaselecao.com.br\/index.php\/wp-json\/wp\/v2\/tags?post=39605"}],"curies":[{"name":"wp","href":"https:\/\/api.w.org\/{rel}","templated":true}]}}