{"id":39606,"date":"2025-01-28T12:42:07","date_gmt":"2025-01-28T15:42:07","guid":{"rendered":"https:\/\/euvivoaselecao.com.br\/index.php\/2025\/01\/28\/musica-dos-anos-80-marca-o-encerramento-pelo-aniversario-de-nova-iguacu\/"},"modified":"2025-01-28T12:42:07","modified_gmt":"2025-01-28T15:42:07","slug":"musica-dos-anos-80-marca-o-encerramento-pelo-aniversario-de-nova-iguacu","status":"publish","type":"post","link":"https:\/\/euvivoaselecao.com.br\/index.php\/2025\/01\/28\/musica-dos-anos-80-marca-o-encerramento-pelo-aniversario-de-nova-iguacu\/","title":{"rendered":"M\u00fasica dos anos 80 marca o encerramento pelo anivers\u00e1rio de Nova Igua\u00e7u"},"content":{"rendered":"<p><\/p>\n<div id=\"post_33463\">\n<header>\n<h2>M\u00fasica dos anos 80 marca o encerramento pelo anivers\u00e1rio de Nova Igua\u00e7u<\/h2>\n<h4>\n                <em><br \/>\n                    <time class=\"text-muted\" datetime=\"27-01-2025\">27 de janeiro de 2025<\/time><br \/>\n                <\/em><br \/>\n            <\/h4>\n<\/header>\n<section>\n<p style=\"text-align: justify;\">A Prefeitura de Nova Igua\u00e7u encerrou, no \u00faltimo s\u00e1bado (25), as celebra\u00e7\u00f5es pelo anivers\u00e1rio de 192 anos de funda\u00e7\u00e3o. A festa terminou com uma noite nost\u00e1lgica para os amantes das can\u00e7\u00f5es que marcaram gera\u00e7\u00f5es passadas, especialmente aqueles que curtiram a d\u00e9cada de 1980. O cantor e compositor Sylvinho Blau-Blau agitou o p\u00fablico com grandes sucessos que marcaram sua carreira.<\/p>\n<p style=\"text-align: justify;\">Antes do show, cerca de 3.500 atletas profissionais e amadores participaram da tradicional Corrida e Caminhada do Anivers\u00e1rio de Nova Igua\u00e7u. O prefeito Dudu Reina marcou presen\u00e7a no evento, que contou com o apoio da Prefeitura, e assistiu ao show promovido pela Secretaria Municipal de Cultura (SEMCULT) e pela Funda\u00e7\u00e3o Educacional e Cultural de Nova Igua\u00e7u (FENIG).<\/p>\n<p style=\"text-align: justify;\">\u201cA gente fica imensamente feliz com esta atmosfera t\u00e3o boa, um evento que une as pessoas. Foi uma grande noite que terminou com um show maravilhoso que nos traz tantas boas mem\u00f3rias dos anos 80, 90\u201d, disse o prefeito. \u201cAgora \u00e9 trabalhar por Nova Igua\u00e7u porque 2025 est\u00e1 s\u00f3 come\u00e7ando e temos muito a fazer pela nossa cidade\u201d, complementou.<\/p>\n<p style=\"text-align: justify;\">O show de Sylvinho Blau-Blau contou com a participa\u00e7\u00e3o de convidados ilustres como Avellar Love, do grupo Jo\u00e3o Penca e seus Miquinhos Amestrados, o m\u00fasico C\u00edcero Pestana, na banda Dr. Silvana &amp; Cia., e a ic\u00f4nica Rosana, int\u00e9rprete do cl\u00e1ssico dos anos 80 \u201cO Amor e o Poder (Como uma Deusa)\u201d. Al\u00e9m de seus pr\u00f3prios sucessos, os m\u00fasicos levantaram o p\u00fablico com can\u00e7\u00f5es de grandes bandas do rock nacional, como Bar\u00e3o Vermelho, Legi\u00e3o Urbana e Os Paralamas do Sucesso.<\/p>\n<\/p>\n<p style=\"text-align: justify;\">\u201cA juventude precisa conhecer esse ba\u00fa encantador que \u00e9 os anos 80 e 90. O Brasil precisa valorizar seus \u00eddolos, ent\u00e3o eu fa\u00e7o quest\u00e3o de desenvolver este trabalho retr\u00f4 para a galera guardar na mente tanta coisa bacana que a gente fez. Um pa\u00eds s\u00f3 tem futuro se reconhecer seu passado\u201d, disse Sylvinho Blau-Blau, destacando a receptividade do p\u00fablico durante o show. \u201cTenho muitos amigos em Nova Igua\u00e7u e me sinto em casa sempre que venho \u00e0 cidade\u201d.<\/p>\n<p style=\"text-align: justify;\">Um destes amigos de longa data \u00e9 Manoel Ferreira, 56 anos. Fundador da ONG de direitos humanos AGANI, que participou do evento em parceria com o Programa de IST\/Aids da Secretaria Municipal de Sa\u00fade, Neno, como \u00e9 conhecido pelos amigos, conseguiu conciliar trabalho e lazer ao participar da a\u00e7\u00e3o de sa\u00fade desenvolvida ao longo da noite e curtir o show de Sylvinho Blau-Blau e seus convidados.<\/p>\n<p style=\"text-align: justify;\">\u201cEle e a Rosana s\u00e3o mais do que meus amigos. Vim n\u00e3o s\u00f3 para trabalhar, mas tamb\u00e9m para prestigi\u00e1-los. \u00c9 show raiz que a gente gosta. E quando se fala em m\u00fasica dos anos 80, n\u00e3o pode faltar Sylvinho Blau-Blau\u201d, afirmou Neno.<\/p>\n<p style=\"text-align: justify;\">Al\u00e9m de a\u00e7\u00f5es da Sa\u00fade, o evento tamb\u00e9m recebeu o Programa Municipal de Incentivo \u00e0 Leitura e \u00e0 Escrita da Prefeitura de Nova Igua\u00e7u, organizado pela FENIG. Mais de 300 livros foram distribu\u00eddos aos corredores e ao p\u00fablico em geral que esteve no estande da Funda\u00e7\u00e3o.<\/p>\n<\/section><\/div>\n","protected":false},"excerpt":{"rendered":"<p>M\u00fasica dos anos 80 marca o encerramento pelo anivers\u00e1rio de Nova Igua\u00e7u 27 de janeiro de 2025 A Prefeitura de<\/p>\n","protected":false},"author":1,"featured_media":0,"comment_status":"","ping_status":"","sticky":false,"template":"","format":"standard","meta":{"colormag_page_container_layout":"default_layout","colormag_page_sidebar_layout":"default_layout","footnotes":""},"categories":[1],"tags":[],"class_list":["post-39606","post","type-post","status-publish","format-standard","hentry","category-sem-categoria"],"_links":{"self":[{"href":"https:\/\/euvivoaselecao.com.br\/index.php\/wp-json\/wp\/v2\/posts\/39606","targetHints":{"allow":["GET"]}}],"collection":[{"href":"https:\/\/euvivoaselecao.com.br\/index.php\/wp-json\/wp\/v2\/posts"}],"about":[{"href":"https:\/\/euvivoaselecao.com.br\/index.php\/wp-json\/wp\/v2\/types\/post"}],"author":[{"embeddable":true,"href":"https:\/\/euvivoaselecao.com.br\/index.php\/wp-json\/wp\/v2\/users\/1"}],"replies":[{"embeddable":true,"href":"https:\/\/euvivoaselecao.com.br\/index.php\/wp-json\/wp\/v2\/comments?post=39606"}],"version-history":[{"count":0,"href":"https:\/\/euvivoaselecao.com.br\/index.php\/wp-json\/wp\/v2\/posts\/39606\/revisions"}],"wp:attachment":[{"href":"https:\/\/euvivoaselecao.com.br\/index.php\/wp-json\/wp\/v2\/media?parent=39606"}],"wp:term":[{"taxonomy":"category","embeddable":true,"href":"https:\/\/euvivoaselecao.com.br\/index.php\/wp-json\/wp\/v2\/categories?post=39606"},{"taxonomy":"post_tag","embeddable":true,"href":"https:\/\/euvivoaselecao.com.br\/index.php\/wp-json\/wp\/v2\/tags?post=39606"}],"curies":[{"name":"wp","href":"https:\/\/api.w.org\/{rel}","templated":true}]}}