{"id":39607,"date":"2025-01-28T13:21:50","date_gmt":"2025-01-28T16:21:50","guid":{"rendered":"https:\/\/euvivoaselecao.com.br\/index.php\/2025\/01\/28\/em-busca-de-medalhas-no-campeonato-brasileiro-atletas-de-ciclismo-de-pista-se-preparam-no-velodromo-olimpico-prefeitura-da-cidade-do-rio-de-janeiro\/"},"modified":"2025-01-28T13:21:50","modified_gmt":"2025-01-28T16:21:50","slug":"em-busca-de-medalhas-no-campeonato-brasileiro-atletas-de-ciclismo-de-pista-se-preparam-no-velodromo-olimpico-prefeitura-da-cidade-do-rio-de-janeiro","status":"publish","type":"post","link":"https:\/\/euvivoaselecao.com.br\/index.php\/2025\/01\/28\/em-busca-de-medalhas-no-campeonato-brasileiro-atletas-de-ciclismo-de-pista-se-preparam-no-velodromo-olimpico-prefeitura-da-cidade-do-rio-de-janeiro\/","title":{"rendered":"Em busca de medalhas no Campeonato Brasileiro, atletas de ciclismo de pista se preparam no Vel\u00f3dromo Ol\u00edmpico &#8211; Prefeitura da Cidade do Rio de Janeiro"},"content":{"rendered":"<p><\/p>\n<div id=\"main\">\n<div class=\"wrapper-breadcrumbs\" wp_automatic_readability=\"60.911825966212\">\n<div class=\"image-post\" wp_automatic_readability=\"33\">\n                     O Vel\u00f3dromo foi palco do ciclismo nos Jogos Ol\u00edmpicos e Paral\u00edmpicos Rio 2016 &#8211; Theo Theodoro\/Prefeitura do Rio                  <\/div>\n<p>O Vel\u00f3dromo Ol\u00edmpico, na Barra da Tijuca, est\u00e1 recebendo neste m\u00eas ciclistas que est\u00e3o treinando para o Campeonato Brasileiro de Ciclismo de Pista. Entre eles, jovens promissores como os cariocas Bernardo Nolasco e Ana Carolina Esteves. A competi\u00e7\u00e3o, organizada pela Confedera\u00e7\u00e3o Brasileira de Ciclismo, ser\u00e1 realizada no vel\u00f3dromo municipal de Indaiatuba, em S\u00e3o Paulo, entre os dias 16 e 23 de fevereiro. O evento \u00e9 destinado \u00e0s categorias de base (Infantojuvenil\/ Juvenil\/ Junior), e alto rendimento (Sub-23\/ Elite) masculino e feminino.<\/p>\n<blockquote wp_automatic_readability=\"11\">\n<p>\u2013 O Vel\u00f3dromo Ol\u00edmpico possui uma das pistas mais r\u00e1pidas do mundo e fico feliz em ver esses jovens, que come\u00e7aram aqui, treinando e conquistando muitos t\u00edtulos. \u00c9 o legado se mantendo. Ano passado recebemos o Campeonato Mundial de Ciclismo Paral\u00edmpico e estamos sempre buscando fomentar o esporte \u2013 afirmou o secret\u00e1rio municipal de Esportes, Guilherme Schleder.<\/p>\n<\/blockquote>\n<p>Palco do ciclismo nos Jogos Ol\u00edmpicos e Paral\u00edmpicos Rio 2016, o Vel\u00f3dromo foi o local onde o jovem Bernardo Nolasco come\u00e7ou a praticar a modalidade por meio de um projeto social, em 2019, com 12 anos. Durante a pandemia ele aproveitou para intensificar os treinamentos em casa e hoje comemora as conquistas. Campe\u00e3o estadual e brasileiro de ciclismo de pista, Bernardo foi convidado por uma equipe de Portugal a treinar l\u00e1 nesta temporada e embarca logo ap\u00f3s a disputa do Brasileiro.<\/p>\n<blockquote wp_automatic_readability=\"13\">\n<p>\u2013 Daqui a alguns dias vamos disputar o Campeonato Brasileiro e \u00e9 muito bom podermos treinar no Vel\u00f3dromo. Eu comecei aqui, na \u00e1rea plana no centro da pista, que servia como local de aquecimento, para me ambientar com a bicicleta. Com o incentivo do Godoy, passei para a pista e me empolguei com a modalidade. Estou treinando tr\u00eas vezes por dia, com muitos treinamentos espec\u00edficos e essa oportunidade est\u00e1 sendo muito positiva para n\u00f3s.<\/p>\n<\/blockquote>\n<p>Quem tamb\u00e9m iniciou a trajet\u00f3ria no Vel\u00f3dromo e se destaca na modalidade \u00e9 Ana Carolina Esteves. Ela come\u00e7ou a praticar o esporte em 2021, ap\u00f3s ver um an\u00fancio sobre aulas no local, se apaixonou pelo ciclismo e, no ano seguinte, participou do seu primeiro campeonato brasileiro. Desde ent\u00e3o, Carol, como \u00e9 conhecida, vem colecionando conquistas. Em 2023, ela ganhou seis medalhas, das oito competi\u00e7\u00f5es em que participou e se classificou para o Pan-Americano da modalidade. A disputa ser\u00e1 em fevereiro, em Assun\u00e7\u00e3o.<\/p>\n<blockquote wp_automatic_readability=\"11\">\n<p>\u2013 Vai ser meu primeiro ano disputando na elite, na categoria sub-23, e estou muito feliz. Poder treinar no Vel\u00f3dromo \u00e9 especial, pois esse espa\u00e7o \u00e9 muito importante na minha trajet\u00f3ria. Sem ele n\u00e3o teria conhecido o ciclismo de pista e n\u00e3o teria tido a oportunidade de chegar a um pan-americano.<\/p>\n<\/blockquote>\n<p>Marcelo Godoy, diretor de pista da Federa\u00e7\u00e3o Estadual de Ciclismo do Rio de Janeiro (FECIERJ), ajuda no treinamento dos atletas e \u00e9 um dos respons\u00e1veis pelo sucesso de jovens como Bernardo e Carol. Sempre atento \u00e0s necessidades dos ciclistas na pista, Godoy conta da satisfa\u00e7\u00e3o que \u00e9 ver a evolu\u00e7\u00e3o deles na modalidade.<\/p>\n<blockquote wp_automatic_readability=\"14\">\n<p>\u2013 Logo ap\u00f3s os Jogos Ol\u00edmpicos iniciamos um projeto social da UFF para fomentar o esporte. Em 2019, o projeto acabou, mas eu continuei aqui, junto com os alunos que tinham se destacado, como o Bernardo. Ver esses jovens evoluindo no ciclismo \u00e9 um sonho de vida, uma realiza\u00e7\u00e3o muito grande. Poder ajudar n\u00e3o s\u00f3 a formar atletas, mas a formar cidad\u00e3os. Essa \u00e9 a maior realiza\u00e7\u00e3o que o esporte me proporciona.<\/p>\n<\/blockquote>\n<p>             <!-- Compartilhe ---><\/p>\n<p>\t\t\t <!-- TAGS --><\/p>\n<section class=\"category-tags\">\n<div class=\"marcacao-category\">\n<article class=\"category-post\">\n<p>Categoria: <\/p>\n<\/article>\n<li>28 de janeiro de 2025<\/li><\/div>\n<article class=\"tags\">\n\t\t\t\t\tMarca\u00e7\u00f5es: Campeonato Brasileiro de Ciclismo de Pista ciclismo ciclismo de pista Esportes Prefeitura do Rio treinos Vel\u00f3dromo Ol\u00edmpico<br \/><\/article>\n<\/section>\n<p>            <!-- Mais Not&iacute;cias --><\/p>\n<p>\t\t<!-- Conte&uacute;do SIDEBAR --><\/p><\/div>\n<\/p><\/div>\n","protected":false},"excerpt":{"rendered":"<p>O Vel\u00f3dromo foi palco do ciclismo nos Jogos Ol\u00edmpicos e Paral\u00edmpicos Rio 2016 &#8211; Theo Theodoro\/Prefeitura do Rio O Vel\u00f3dromo<\/p>\n","protected":false},"author":1,"featured_media":0,"comment_status":"","ping_status":"","sticky":false,"template":"","format":"standard","meta":{"colormag_page_container_layout":"default_layout","colormag_page_sidebar_layout":"default_layout","footnotes":""},"categories":[1],"tags":[],"class_list":["post-39607","post","type-post","status-publish","format-standard","hentry","category-sem-categoria"],"_links":{"self":[{"href":"https:\/\/euvivoaselecao.com.br\/index.php\/wp-json\/wp\/v2\/posts\/39607","targetHints":{"allow":["GET"]}}],"collection":[{"href":"https:\/\/euvivoaselecao.com.br\/index.php\/wp-json\/wp\/v2\/posts"}],"about":[{"href":"https:\/\/euvivoaselecao.com.br\/index.php\/wp-json\/wp\/v2\/types\/post"}],"author":[{"embeddable":true,"href":"https:\/\/euvivoaselecao.com.br\/index.php\/wp-json\/wp\/v2\/users\/1"}],"replies":[{"embeddable":true,"href":"https:\/\/euvivoaselecao.com.br\/index.php\/wp-json\/wp\/v2\/comments?post=39607"}],"version-history":[{"count":0,"href":"https:\/\/euvivoaselecao.com.br\/index.php\/wp-json\/wp\/v2\/posts\/39607\/revisions"}],"wp:attachment":[{"href":"https:\/\/euvivoaselecao.com.br\/index.php\/wp-json\/wp\/v2\/media?parent=39607"}],"wp:term":[{"taxonomy":"category","embeddable":true,"href":"https:\/\/euvivoaselecao.com.br\/index.php\/wp-json\/wp\/v2\/categories?post=39607"},{"taxonomy":"post_tag","embeddable":true,"href":"https:\/\/euvivoaselecao.com.br\/index.php\/wp-json\/wp\/v2\/tags?post=39607"}],"curies":[{"name":"wp","href":"https:\/\/api.w.org\/{rel}","templated":true}]}}