{"id":39624,"date":"2025-01-28T18:25:20","date_gmt":"2025-01-28T21:25:20","guid":{"rendered":"https:\/\/euvivoaselecao.com.br\/index.php\/2025\/01\/28\/serginho-rescinde-contrato-com-o-vasco-outro-ponta-chega-na-sequencia\/"},"modified":"2025-01-28T18:25:20","modified_gmt":"2025-01-28T21:25:20","slug":"serginho-rescinde-contrato-com-o-vasco-outro-ponta-chega-na-sequencia","status":"publish","type":"post","link":"https:\/\/euvivoaselecao.com.br\/index.php\/2025\/01\/28\/serginho-rescinde-contrato-com-o-vasco-outro-ponta-chega-na-sequencia\/","title":{"rendered":"Serginho Rescinde Contrato com o Vasco, Outro ponta chega na sequ\u00eancia"},"content":{"rendered":"<p><\/p>\n<div data-message-author-role=\"assistant\" data-message-id=\"e6fd8176-72d5-4e15-afa9-380148ea16b2\" wp_automatic_readability=\"122.80587937152\">\n<p>Na tarde desta ter\u00e7a-feira, 28 de janeiro de 2025, o Vasco da Gama anunciou oficialmente a rescis\u00e3o de contrato com o atacante Serginho. O clube comunicou que o jogador chegou a um acordo com a diretoria vasca\u00edna para o encerramento de seu v\u00ednculo, que agora chega ao fim.<\/p>\n<h3><strong>Passagem pelo Vasco<\/strong><\/h3>\n<p>Serginho chegou ao Vasco com a miss\u00e3o de refor\u00e7ar o ataque, mas n\u00e3o conseguiu se firmar como titular absoluto. Durante sua passagem pelo clube, o atacante disputou 19 partidas e marcou dois gols. Embora tenha mostrado potencial em alguns momentos, a temporada n\u00e3o foi suficiente para garantir a continuidade de seu trabalho em S\u00e3o Janu\u00e1rio.<\/p>\n<h3><strong>Agradecimentos e Desejos de Sucesso<\/strong><\/h3>\n<p>Em comunicado oficial, o Vasco expressou gratid\u00e3o ao jogador pelos servi\u00e7os prestados durante o tempo em que esteve no clube. \u201cO clube agradece ao atleta pelos servi\u00e7os prestados e deseja sucesso na sequ\u00eancia de sua carreira\u201d, diz o texto da diretoria.<\/p>\n<p>A rescis\u00e3o de Serginho acontece em um momento em que o clube segue focado no Campeonato Carioca e na busca por refor\u00e7os que possam ajudar a melhorar o desempenho da equipe durante a competi\u00e7\u00e3o.<\/p>\n<h3><strong>O Futuro de Serginho<\/strong><\/h3>\n<p>Com a sa\u00edda de Serginho, o atacante agora se encontra em busca de novos rumos em sua carreira. O an\u00fancio de sua rescis\u00e3o traz um fim \u00e0 sua passagem pelo Gigante da Colina, mas abre portas para novos desafios em outros clubes, onde o jogador poder\u00e1 tentar recuperar seu melhor desempenho e mostrar todo o seu potencial.<\/p>\n<p>Fica a expectativa para o futuro de Serginho, que, ap\u00f3s uma curta passagem pelo Vasco, agora inicia um novo cap\u00edtulo em sua trajet\u00f3ria no futebol.<\/p>\n<p><strong>Vasco pode ganhar concorr\u00eancia de peso: Rony do Palmeiras \u00e9 especulado no Gigante da Colina<\/strong><\/p>\n<p>O mercado da bola segue movimentado, e o Vasco da Gama est\u00e1 em busca de refor\u00e7os para melhorar seu desempenho no Campeonato Carioca e nas competi\u00e7\u00f5es seguintes. Recentemente, um nome que vem ganhando destaque nos rumores envolvendo o clube \u00e9 o atacante Rony, do Palmeiras. O jogador, que tem se destacado no Verd\u00e3o, pode ser um poss\u00edvel alvo para a equipe cruz-maltina nas pr\u00f3ximas semanas.<\/p>\n<h3><strong>Wanderson no Palmeiras: Uma Nova Desafiante<\/strong><\/h3>\n<p>Enquanto isso, o Palmeiras segue atento \u00e0s movimenta\u00e7\u00f5es do mercado e, em uma virada de cena no mercado, est\u00e1 prestes a anunciar a contrata\u00e7\u00e3o de Wanderson, atacante do Internacional. O Verd\u00e3o j\u00e1 est\u00e1 fechando os \u00faltimos detalhes para a aquisi\u00e7\u00e3o do jogador, que deve refor\u00e7ar o setor ofensivo da equipe paulista.<\/p>\n<p>Com um sal\u00e1rio de cerca de R$ 1 milh\u00e3o, o neg\u00f3cio est\u00e1 praticamente fechado, e o an\u00fancio oficial do Palmeiras pode acontecer a qualquer momento. A chegada de Wanderson ao Palmeiras pode influenciar ainda mais o futuro de Rony, j\u00e1 que o atacante alviverde perde espa\u00e7o com a chegada de novas pe\u00e7as no elenco.<\/p>\n<h3><strong>O Interesses do Vasco em Rony<\/strong><\/h3>\n<p>Embora a negocia\u00e7\u00e3o de Wanderson seja um dos grandes destaques do mercado, o nome de Rony ainda est\u00e1 sendo especulado como poss\u00edvel refor\u00e7o para o Vasco da Gama. O atacante \u00e9 visto com bons olhos pela diretoria cruz-maltina, que busca op\u00e7\u00f5es para fortalecer o ataque da equipe.<\/p>\n<p>Rony j\u00e1 demonstrou sua qualidade no Palmeiras e tem sido pe\u00e7a fundamental para o time de Abel Ferreira, mas, com a poss\u00edvel chegada de Wanderson e o aumento da concorr\u00eancia por vagas no ataque, seu futuro no Verd\u00e3o pode ser incerto.<\/p>\n<p>O Vasco, por sua vez, poderia ser um destino interessante para o jogador, que poderia ganhar mais protagonismo e ajudar a impulsionar o time na sequ\u00eancia da temporada.<\/p>\n<h3><strong>Conclus\u00e3o<\/strong><\/h3>\n<p>Se confirmada a sa\u00edda de Wanderson para o Palmeiras, a situa\u00e7\u00e3o de Rony no clube paulista pode se tornar ainda mais delicada, o que abre espa\u00e7o para o Vasco tentar um poss\u00edvel acerto. A torcida do Gigante da Colina fica na expectativa para ver se a negocia\u00e7\u00e3o avan\u00e7ar\u00e1 e se o atacante do Palmeiras vestir\u00e1 a camisa vasca\u00edna nos pr\u00f3ximos meses.<\/p>\n<\/div>\n","protected":false},"excerpt":{"rendered":"<p>Na tarde desta ter\u00e7a-feira, 28 de janeiro de 2025, o Vasco da Gama anunciou oficialmente a rescis\u00e3o de contrato com<\/p>\n","protected":false},"author":2,"featured_media":0,"comment_status":"","ping_status":"","sticky":false,"template":"","format":"standard","meta":{"colormag_page_container_layout":"default_layout","colormag_page_sidebar_layout":"default_layout","footnotes":""},"categories":[],"tags":[],"class_list":["post-39624","post","type-post","status-publish","format-standard","hentry"],"_links":{"self":[{"href":"https:\/\/euvivoaselecao.com.br\/index.php\/wp-json\/wp\/v2\/posts\/39624","targetHints":{"allow":["GET"]}}],"collection":[{"href":"https:\/\/euvivoaselecao.com.br\/index.php\/wp-json\/wp\/v2\/posts"}],"about":[{"href":"https:\/\/euvivoaselecao.com.br\/index.php\/wp-json\/wp\/v2\/types\/post"}],"author":[{"embeddable":true,"href":"https:\/\/euvivoaselecao.com.br\/index.php\/wp-json\/wp\/v2\/users\/2"}],"replies":[{"embeddable":true,"href":"https:\/\/euvivoaselecao.com.br\/index.php\/wp-json\/wp\/v2\/comments?post=39624"}],"version-history":[{"count":0,"href":"https:\/\/euvivoaselecao.com.br\/index.php\/wp-json\/wp\/v2\/posts\/39624\/revisions"}],"wp:attachment":[{"href":"https:\/\/euvivoaselecao.com.br\/index.php\/wp-json\/wp\/v2\/media?parent=39624"}],"wp:term":[{"taxonomy":"category","embeddable":true,"href":"https:\/\/euvivoaselecao.com.br\/index.php\/wp-json\/wp\/v2\/categories?post=39624"},{"taxonomy":"post_tag","embeddable":true,"href":"https:\/\/euvivoaselecao.com.br\/index.php\/wp-json\/wp\/v2\/tags?post=39624"}],"curies":[{"name":"wp","href":"https:\/\/api.w.org\/{rel}","templated":true}]}}