{"id":39628,"date":"2025-01-28T19:43:09","date_gmt":"2025-01-28T22:43:09","guid":{"rendered":"https:\/\/euvivoaselecao.com.br\/index.php\/2025\/01\/28\/gcm-detem-jovem-acusado-de-agredir-e-ameacar-matar-a-mae-adotiva-no-cajuru-agencia-de-noticias\/"},"modified":"2025-01-28T19:43:09","modified_gmt":"2025-01-28T22:43:09","slug":"gcm-detem-jovem-acusado-de-agredir-e-ameacar-matar-a-mae-adotiva-no-cajuru-agencia-de-noticias","status":"publish","type":"post","link":"https:\/\/euvivoaselecao.com.br\/index.php\/2025\/01\/28\/gcm-detem-jovem-acusado-de-agredir-e-ameacar-matar-a-mae-adotiva-no-cajuru-agencia-de-noticias\/","title":{"rendered":"GCM det\u00e9m jovem acusado de agredir e amea\u00e7ar matar a m\u00e3e adotiva no Cajuru \u2013 Ag\u00eancia de Not\u00edcias"},"content":{"rendered":"<p><\/p>\n<div wp_automatic_readability=\"32\">\n<div class=\"col\" wp_automatic_readability=\"9\">\n<p class=\"mt-0\">\n                        <strong><br \/>\n                            <span class=\"far fa-calendar mr-1 mt-2\"\/><br \/>\n                            28 de janeiro de 2025<br \/>\n                            <span class=\"far fa-clock ml-3 mt-2\"\/><br \/>\n                            17:54<br \/>\n                        <\/strong>\n                    <\/p>\n<p class=\"mb-0\">Por: <strong>Eduardo Santinon (esantinon@sorocaba.sp.gov.br)<\/strong><\/p>\n<\/p><\/div>\n<\/p><\/div>\n<div wp_automatic_readability=\"66\">\n<figure id=\"attachment_151393\" aria-describedby=\"caption-attachment-151393\" style=\"width: 840px\" class=\"wp-caption aligncenter\"><figcaption id=\"caption-attachment-151393\" class=\"wp-caption-text\">Fotos: GCM<\/figcaption><\/figure>\n<p>\u00a0<\/p>\n<p>A Guarda Civil Municipal (GCM) deteve, ao meio-dia desta ter\u00e7a-feira (28), um jovem de 18 anos de idade, acusado de agredir a m\u00e3e adotiva dele, de 40 anos, e de amea\u00e7ar mat\u00e1-la. Ele tinha na mochila um rev\u00f3lver calibre 32, que foi apreendido. O caso aconteceu no bairro Cajuru e foi registrado na Delegacia de Defesa da Mulher (DDM) de Sorocaba.<\/p>\n<p>Ao chegar ao local dos fatos, a GCM soube pela v\u00edtima que a agress\u00e3o ocorreu por motivo f\u00fatil, ap\u00f3s ter pedido para ele baixar o volume da televis\u00e3o. O rapaz deu dois socos no rosto da v\u00edtima, um na boca e outro no olho, que causaram les\u00f5es. Depois, amea\u00e7ou que a mataria.<\/p>\n<p>\u00c0 GCM, o agressor alegou que apenas se defendeu, por\u00e9m apresentava odor et\u00edlico. A v\u00f3 do rapaz, de 69 anos, tamb\u00e9m estava na casa e foi ela quem entregou a arma aos guardas, ap\u00f3s encontr\u00e1-la na mochila dele. A arma estava descarregada e n\u00e3o tinha numera\u00e7\u00e3o. A idosa disse que presenciou os crimes e tentou ajudar a filha, mas n\u00e3o teve for\u00e7a para conter o agressor.<\/p>\n<p>Os envolvidos foram conduzidos \u00e0 DDM e o rapaz indiciado em flagrante, por les\u00e3o corporal e posse ilegal de arma. Ele permaneceu preso, \u00e0 disposi\u00e7\u00e3o da Justi\u00e7a.<\/p>\n<p>\u00a0<\/p>\n<div class=\"pms-galeria\" itemscope=\"\" itemtype=\"http:\/\/schema.org\/ImageGallery\">\n<p>\t\t<span itemprop=\"caption description\" style=\"display: none;\"\/><\/p>\n<p>\t\t<span itemprop=\"caption description\" style=\"display: none;\"\/><\/p><\/div>\n<p><!-- Root element of PhotoSwipe. Must have class pswp. --><\/p><\/div>\n","protected":false},"excerpt":{"rendered":"<p>28 de janeiro de 2025 17:54 Por: Eduardo Santinon (esantinon@sorocaba.sp.gov.br) Fotos: GCM \u00a0 A Guarda Civil Municipal (GCM) deteve, ao<\/p>\n","protected":false},"author":1,"featured_media":0,"comment_status":"","ping_status":"","sticky":false,"template":"","format":"standard","meta":{"colormag_page_container_layout":"default_layout","colormag_page_sidebar_layout":"default_layout","footnotes":""},"categories":[1],"tags":[],"class_list":["post-39628","post","type-post","status-publish","format-standard","hentry","category-sem-categoria"],"_links":{"self":[{"href":"https:\/\/euvivoaselecao.com.br\/index.php\/wp-json\/wp\/v2\/posts\/39628","targetHints":{"allow":["GET"]}}],"collection":[{"href":"https:\/\/euvivoaselecao.com.br\/index.php\/wp-json\/wp\/v2\/posts"}],"about":[{"href":"https:\/\/euvivoaselecao.com.br\/index.php\/wp-json\/wp\/v2\/types\/post"}],"author":[{"embeddable":true,"href":"https:\/\/euvivoaselecao.com.br\/index.php\/wp-json\/wp\/v2\/users\/1"}],"replies":[{"embeddable":true,"href":"https:\/\/euvivoaselecao.com.br\/index.php\/wp-json\/wp\/v2\/comments?post=39628"}],"version-history":[{"count":0,"href":"https:\/\/euvivoaselecao.com.br\/index.php\/wp-json\/wp\/v2\/posts\/39628\/revisions"}],"wp:attachment":[{"href":"https:\/\/euvivoaselecao.com.br\/index.php\/wp-json\/wp\/v2\/media?parent=39628"}],"wp:term":[{"taxonomy":"category","embeddable":true,"href":"https:\/\/euvivoaselecao.com.br\/index.php\/wp-json\/wp\/v2\/categories?post=39628"},{"taxonomy":"post_tag","embeddable":true,"href":"https:\/\/euvivoaselecao.com.br\/index.php\/wp-json\/wp\/v2\/tags?post=39628"}],"curies":[{"name":"wp","href":"https:\/\/api.w.org\/{rel}","templated":true}]}}