{"id":39674,"date":"2025-01-29T12:21:33","date_gmt":"2025-01-29T15:21:33","guid":{"rendered":"https:\/\/euvivoaselecao.com.br\/index.php\/2025\/01\/29\/ferias-no-parque-anthero-dos-santos-prefeitura-estancia-turistica-guaratingueta\/"},"modified":"2025-01-29T12:21:33","modified_gmt":"2025-01-29T15:21:33","slug":"ferias-no-parque-anthero-dos-santos-prefeitura-estancia-turistica-guaratingueta","status":"publish","type":"post","link":"https:\/\/euvivoaselecao.com.br\/index.php\/2025\/01\/29\/ferias-no-parque-anthero-dos-santos-prefeitura-estancia-turistica-guaratingueta\/","title":{"rendered":"F\u00e9rias no Parque Anthero dos Santos \u2013 Prefeitura Est\u00e2ncia Tur\u00edstica Guaratinguet\u00e1"},"content":{"rendered":"<p><\/p>\n<div>\n<p>Aproveitando o per\u00edodo de f\u00e9rias, a Secretaria de Cultura, preparou uma programa\u00e7\u00e3o cheia de atividades recreativas para toda a crian\u00e7ada.<\/p>\n<p>O evento vai contar com v\u00e1rios monitores que ir\u00e3o desenvolver as brincadeiras garantindo a intera\u00e7\u00e3o e a divers\u00e3o das crian\u00e7as.<\/p>\n<p>Parque Ecol\u00f3gico Anthero dos Santos<br \/>Dia: 30 de janeiro<br \/>Hor\u00e1rio: 9h \u00e0s 12h30<br \/>Local: Av Dr Ariberto Pereira da Cunha,02 \u2013 Portal das Colinas<\/p>\n<\/p><\/div>\n","protected":false},"excerpt":{"rendered":"<p>Aproveitando o per\u00edodo de f\u00e9rias, a Secretaria de Cultura, preparou uma programa\u00e7\u00e3o cheia de atividades recreativas para toda a crian\u00e7ada.<\/p>\n","protected":false},"author":1,"featured_media":0,"comment_status":"","ping_status":"","sticky":false,"template":"","format":"standard","meta":{"colormag_page_container_layout":"default_layout","colormag_page_sidebar_layout":"default_layout","footnotes":""},"categories":[1],"tags":[],"class_list":["post-39674","post","type-post","status-publish","format-standard","hentry","category-sem-categoria"],"_links":{"self":[{"href":"https:\/\/euvivoaselecao.com.br\/index.php\/wp-json\/wp\/v2\/posts\/39674","targetHints":{"allow":["GET"]}}],"collection":[{"href":"https:\/\/euvivoaselecao.com.br\/index.php\/wp-json\/wp\/v2\/posts"}],"about":[{"href":"https:\/\/euvivoaselecao.com.br\/index.php\/wp-json\/wp\/v2\/types\/post"}],"author":[{"embeddable":true,"href":"https:\/\/euvivoaselecao.com.br\/index.php\/wp-json\/wp\/v2\/users\/1"}],"replies":[{"embeddable":true,"href":"https:\/\/euvivoaselecao.com.br\/index.php\/wp-json\/wp\/v2\/comments?post=39674"}],"version-history":[{"count":0,"href":"https:\/\/euvivoaselecao.com.br\/index.php\/wp-json\/wp\/v2\/posts\/39674\/revisions"}],"wp:attachment":[{"href":"https:\/\/euvivoaselecao.com.br\/index.php\/wp-json\/wp\/v2\/media?parent=39674"}],"wp:term":[{"taxonomy":"category","embeddable":true,"href":"https:\/\/euvivoaselecao.com.br\/index.php\/wp-json\/wp\/v2\/categories?post=39674"},{"taxonomy":"post_tag","embeddable":true,"href":"https:\/\/euvivoaselecao.com.br\/index.php\/wp-json\/wp\/v2\/tags?post=39674"}],"curies":[{"name":"wp","href":"https:\/\/api.w.org\/{rel}","templated":true}]}}