{"id":39733,"date":"2025-01-30T16:07:41","date_gmt":"2025-01-30T19:07:41","guid":{"rendered":"https:\/\/euvivoaselecao.com.br\/index.php\/2025\/01\/30\/cine-pipoca-diverte-vovos-e-netinhos-na-casa-do-idoso-sul\/"},"modified":"2025-01-30T16:07:41","modified_gmt":"2025-01-30T19:07:41","slug":"cine-pipoca-diverte-vovos-e-netinhos-na-casa-do-idoso-sul","status":"publish","type":"post","link":"https:\/\/euvivoaselecao.com.br\/index.php\/2025\/01\/30\/cine-pipoca-diverte-vovos-e-netinhos-na-casa-do-idoso-sul\/","title":{"rendered":"Cine Pipoca diverte vov\u00f4s e netinhos na Casa do Idoso Sul"},"content":{"rendered":"<p><\/p>\n<div>\n<p><b>Cl\u00e1udio Souza<\/b><br \/>&#13;<br \/>\n&#13;<br \/>\n                <span style=\"font-weight: bold;\">Secretaria de Apoio Social ao Cidad\u00e3o<\/span><\/p>\n<p>Um filme passou pela cabe\u00e7a da aposentada Ana L\u00facia Pereira, de 70 anos, na quarta-feira (30).\u00a0Em 1985, ent\u00e3o com 30 anos de idade, ela foi ao cinema, sozinha, assistir <em>Os Goonies<\/em>, que at\u00e9 hoje emociona gera\u00e7\u00f5es em todo o mundo e se tornou uma obra cult e relevante.<\/p>\n<p>Passadas 4 d\u00e9cadas, ela reviu o cl\u00e1ssico do cinema norte-americano na Casa do Idoso Sul, desta vez ao lado de amigos que conquistou nestes 10 anos em que frequenta a unidade, que \u00e9 mantida pela Prefeitura de S\u00e3o Jos\u00e9 dos Campos.\u00a0&#8220;Quando fiquei sabendo que seria exibido este filme, fiz quest\u00e3o de rever&#8221;, disse Ana L\u00facia. &#8220;N\u00e3o perderia por nada. Ao ver novamente estas cenas, me lembrei daquele dia no cinema, h\u00e1 40 anos.&#8221;<\/p>\n<p>Uma das frequentadoras mais ativas da Casa do Idoso Sul, ela completou 70 anos no s\u00e1bado (25). Comunicativa e muito din\u00e2mica, \u00e9 uma das l\u00edderes do grupo de dan\u00e7a e ass\u00eddua participante das atividades.<\/p>\n<p>&#8220;Sempre que tem Cine Pipoca, estou aqui. Adoro filmes e trabalhei em locadora durante 15 anos. O bom da Casa do Idoso \u00e9 que sempre promove atividades que nos possibilitam voltar no tempo, como aconteceu com este filme.&#8221;<\/p>\n<\/p>\n<p><sup><em>Ana L\u00facia \u00e9 cin\u00e9fila de carteirinha \/\u00a0<strong>Foto:<\/strong> PMSJC<\/em><\/sup><\/p>\n<p><span class=\"intertitulo\">Gera\u00e7\u00f5es<\/span><\/p>\n<p>O Cine Pipoca integra as programa\u00e7\u00f5es de f\u00e9rias das Casas do Idoso Centro, Sul, Leste e Norte e foi mais um encontro intergeracionaL.<\/p>\n<p>Muitos frequentadores levaram os netos para curtirem o filme, com direito a muita pipoca e suco de caju. Divers\u00e3o garantida para toda a fam\u00edlia.<\/p>\n<p>Ant\u00f4nia Queiroz, de 66 anos, estava com a netinha Al\u00edcia, de 5 anos, enquanto Maria Aparecida Silva Morais, 64 anos, foi assistir ao filme com o netinho Vin\u00edcius, de 6 anos.<\/p>\n<p>&#8220;Sempre participo do Cine Pipoca, mas foi a primeira vez com meu neto&#8221;, afirmou Maria Aparecida. &#8220;Foi muito mais divertido e especial. \u00c9 muito bom esta intera\u00e7\u00e3o com nossas fam\u00edlias que as Casas do Idoso propiciam.&#8221;<\/p>\n<p>&#8220;Minha netinha est\u00e1 sempre comigo&#8221;, disse a av\u00f3 Ant\u00f4nia. &#8220;Ela j\u00e1 veio em atividades aqui na Casa do Idoso, como a festa junina. \u00c9 a primeira vez que participo do Cine Pipoca. Vou vir mais vezes.&#8221;<\/p>\n<\/p>\n<p><em><sup>Ant\u00f4nia com a netinha Al\u00edcia: sempre juntas e com muita divers\u00e3o \/\u00a0<strong>Foto:<\/strong> PMSJC<\/sup><\/em><\/p>\n<p><span class=\"intertitulo\">Abracadabra<\/span><\/p>\n<p>Com muita divers\u00e3o e atividades diversificadas ao longo deste m\u00eas, as programa\u00e7\u00f5es especiais de f\u00e9rias das Casas do Idoso ainda ter\u00e3o atra\u00e7\u00f5es nesta semana que prometem agradar os frequentadores e familiares.<\/p>\n<p>Em homenagem ao Dia Mundial do M\u00e1gico, que ser\u00e1 comemorado na sexta-feira (31), haver\u00e1 shows de m\u00e1gica nesta quinta (30), a partir das 9h, na Casa do Idoso Leste. Na sexta, ser\u00e1 na Casa do Idoso Sul, com o espet\u00e1culo come\u00e7ando \u00e0s 14h.<\/p>\n<p>E, para ningu\u00e9m ficar parado, as atra\u00e7\u00f5es de f\u00e9rias terminar\u00e3o em alto astral e com muita agita\u00e7\u00e3o com o baile noturno na Casa do Idoso Sul, marcado para sexta, das 18h \u00e0s 21h.<\/p>\n<p><span class=\"intertitulo\">F\u00e1brica de sonhos<\/span><\/p>\n<p>Quanto \u00e0s sess\u00f5es de Cine Pipoca, atra\u00e7\u00f5es constantes nas Casas do Idoso, elas sempre emocionam os frequentadores e familiares, como acontece tamb\u00e9m nos cinemas e nas resid\u00eancias de todo o mundo.<\/p>\n<p>Afinal, como bem definiu o ator, diretor, escritor e produtor norte-americano Orson Welles, &#8220;o cinema n\u00e3o tem fronteiras nem limites. \u00c9 um fluxo constante de sonho&#8221;.<\/p>\n<p>Na telona da Casa do Idoso Sul, nesta quarta foram reavivados sonhos, embaladas esperan\u00e7as, relembradas imagens e alegrias do passado e celebrada a import\u00e2ncia da vida e do futuro com sa\u00fade, paz e bem-estar.<\/p>\n<p>Se no filme <em>Os Goonies<\/em>\u00a0os jovens encontraram um mapa do tesouro, os frequentadores das Casas do Idoso sabem, com a experi\u00eancia e a sabedoria que adquiriram ao longo da vida, que o mapa e a receita para serem felizes, saud\u00e1veis e ativos \u00e9 estarem cercados de familiares e amigos, como aconteceu mais uma vez nesta quarta.<\/p>\n<p>&#13;<br \/>\n                        <strong>MAIS NOT\u00cdCIAS<\/strong><br \/>&#13;<br \/>\n                        Secretaria de Apoio Social ao Cidad\u00e3o&#13;\n                    <\/p>\n<\/p><\/div>\n","protected":false},"excerpt":{"rendered":"<p>Cl\u00e1udio Souza&#13; &#13; Secretaria de Apoio Social ao Cidad\u00e3o Um filme passou pela cabe\u00e7a da aposentada Ana L\u00facia Pereira, de<\/p>\n","protected":false},"author":1,"featured_media":0,"comment_status":"","ping_status":"","sticky":false,"template":"","format":"standard","meta":{"colormag_page_container_layout":"default_layout","colormag_page_sidebar_layout":"default_layout","footnotes":""},"categories":[1],"tags":[],"class_list":["post-39733","post","type-post","status-publish","format-standard","hentry","category-sem-categoria"],"_links":{"self":[{"href":"https:\/\/euvivoaselecao.com.br\/index.php\/wp-json\/wp\/v2\/posts\/39733","targetHints":{"allow":["GET"]}}],"collection":[{"href":"https:\/\/euvivoaselecao.com.br\/index.php\/wp-json\/wp\/v2\/posts"}],"about":[{"href":"https:\/\/euvivoaselecao.com.br\/index.php\/wp-json\/wp\/v2\/types\/post"}],"author":[{"embeddable":true,"href":"https:\/\/euvivoaselecao.com.br\/index.php\/wp-json\/wp\/v2\/users\/1"}],"replies":[{"embeddable":true,"href":"https:\/\/euvivoaselecao.com.br\/index.php\/wp-json\/wp\/v2\/comments?post=39733"}],"version-history":[{"count":0,"href":"https:\/\/euvivoaselecao.com.br\/index.php\/wp-json\/wp\/v2\/posts\/39733\/revisions"}],"wp:attachment":[{"href":"https:\/\/euvivoaselecao.com.br\/index.php\/wp-json\/wp\/v2\/media?parent=39733"}],"wp:term":[{"taxonomy":"category","embeddable":true,"href":"https:\/\/euvivoaselecao.com.br\/index.php\/wp-json\/wp\/v2\/categories?post=39733"},{"taxonomy":"post_tag","embeddable":true,"href":"https:\/\/euvivoaselecao.com.br\/index.php\/wp-json\/wp\/v2\/tags?post=39733"}],"curies":[{"name":"wp","href":"https:\/\/api.w.org\/{rel}","templated":true}]}}