{"id":39762,"date":"2025-01-31T08:19:27","date_gmt":"2025-01-31T11:19:27","guid":{"rendered":"https:\/\/euvivoaselecao.com.br\/index.php\/2025\/01\/31\/programa-amigos-da-praia-realiza-atividades-no-bessa-e-em-barra-de-gramame\/"},"modified":"2025-01-31T08:19:27","modified_gmt":"2025-01-31T11:19:27","slug":"programa-amigos-da-praia-realiza-atividades-no-bessa-e-em-barra-de-gramame","status":"publish","type":"post","link":"https:\/\/euvivoaselecao.com.br\/index.php\/2025\/01\/31\/programa-amigos-da-praia-realiza-atividades-no-bessa-e-em-barra-de-gramame\/","title":{"rendered":"Programa Amigos da Praia realiza atividades no Bessa e em Barra de Gramame"},"content":{"rendered":"<p><\/p>\n<div>\n<h5 class=\"text-primary\">Neste final de semana<\/h5>\n<p>                        <!-- Mostra o t&iacute;tulo como um link para o link permanente do post --><\/p>\n<h2 class=\"mb-3\">Programa Amigos da Praia realiza atividades no Bessa e em Barra de Gramame<\/h2>\n<p class=\"text-secondary font-italic mb-3 p-0\">&#13;<br \/>\n                            <i class=\"fa fa-calendar\"\/> 31\/01\/2025 | &#13;<br \/>\n                            <i class=\"fa fa-clock-o\"\/> 08:00 |&#13;<br \/>\n                            <i class=\"fa fa-eye\"\/> 36                        <\/p>\n<p>                        <!-- Mostra o conte&uacute;do do post em uma DIV --><\/p>\n<div class=\"\">\n<p>O programa Amigos da Praia realiza atividades educativas no Bessa e em Barra de Gramame, neste final de semana. No s\u00e1bado (1\u00ba), os agentes ambientais da Autarquia Especial Municipal de Limpeza Urbana (Emlur) e da Secretaria de Meio Ambiente (Semam) v\u00e3o prestar orienta\u00e7\u00f5es sobre o descarte adequado de res\u00edduos s\u00f3lidos, na praia do Bessa. No domingo (2), ser\u00e1 a vez da praia de Barra de Gramame.<\/p>\n<figure class=\"wp-block-gallery has-nested-images columns-default is-cropped wp-block-gallery-1 is-layout-flex wp-block-gallery-is-layout-flex\">\n<figure class=\"wp-block-image size-large\"><\/figure>\n<figure class=\"wp-block-image size-large\"><\/figure>\n<\/figure>\n<p>De acordo com a diretora de Educa\u00e7\u00e3o Ambiental e Coleta Seletiva da Emlur, K\u00eania Chaves, al\u00e9m das orienta\u00e7\u00f5es, na abordagem dos frequentadores das praias tamb\u00e9m \u00e9 entregue uma sacolinha para que as pessoas possam acondicionar os res\u00edduos produzidos enquanto est\u00e3o na praia e depois descartem nos cont\u00eaineres e papeleiras dispostos na Orla.<\/p>\n<p>As a\u00e7\u00f5es do programa come\u00e7aram no \u00faltimo final de semana, tendo passado pelas praias de Tamba\u00fa e Cabo Branco. A programa\u00e7\u00e3o se estende at\u00e9 o pr\u00f3ximo dia 15, incluindo Praia dos Seixas, da Penha e Praia do Sol.<\/p>\n<p>A Secretaria de Meio Ambiente vai distribuir mudas de \u00e1rvores nativas, fazer o plantio de coqueiros e a\u00e7\u00f5es de educa\u00e7\u00e3o ambiental com a equipe de educadores do Parque Arruda C\u00e2mara (Bica). A programa\u00e7\u00e3o tamb\u00e9m conta com apresenta\u00e7\u00e3o do grupo musical da Emlur, Baticumlata, que passa a mensagem de sustentabilidade a partir dos pr\u00f3prios instrumentos musicais, produzidos com materiais recicl\u00e1veis.<\/p>\n<p><strong>Programa\u00e7\u00e3o<\/strong><\/p>\n<p>01\/02 (s\u00e1bado) \u2013 Praia do Bessa (em frente ao Bessa Grill) \u2013 9h<\/p>\n<p>02\/02 (domingo) \u2013 Praia de Barra de Gramame (faixa de areia) \u2013 9h<\/p>\n<p>08\/02 (s\u00e1bado) \u2013 Praia dos Seixas e Praia da Penha (\u00e1rea de estacionamento) \u2013 9h<\/p>\n<p>09\/02 (domingo) \u2013 Praia do Sol (faixa de areia) \u2013 9h<\/p>\n<p>15\/02 (s\u00e1bado) \u2013 Encerramento \u2013 Praia de Tamba\u00fa (Busto de Tamandar\u00e9) \u2013 9h<\/p>\n<\/p><\/div>\n<\/p><\/div>\n","protected":false},"excerpt":{"rendered":"<p>Neste final de semana Programa Amigos da Praia realiza atividades no Bessa e em Barra de Gramame &#13; 31\/01\/2025 |<\/p>\n","protected":false},"author":1,"featured_media":0,"comment_status":"","ping_status":"","sticky":false,"template":"","format":"standard","meta":{"colormag_page_container_layout":"default_layout","colormag_page_sidebar_layout":"default_layout","footnotes":""},"categories":[1],"tags":[],"class_list":["post-39762","post","type-post","status-publish","format-standard","hentry","category-sem-categoria"],"_links":{"self":[{"href":"https:\/\/euvivoaselecao.com.br\/index.php\/wp-json\/wp\/v2\/posts\/39762","targetHints":{"allow":["GET"]}}],"collection":[{"href":"https:\/\/euvivoaselecao.com.br\/index.php\/wp-json\/wp\/v2\/posts"}],"about":[{"href":"https:\/\/euvivoaselecao.com.br\/index.php\/wp-json\/wp\/v2\/types\/post"}],"author":[{"embeddable":true,"href":"https:\/\/euvivoaselecao.com.br\/index.php\/wp-json\/wp\/v2\/users\/1"}],"replies":[{"embeddable":true,"href":"https:\/\/euvivoaselecao.com.br\/index.php\/wp-json\/wp\/v2\/comments?post=39762"}],"version-history":[{"count":0,"href":"https:\/\/euvivoaselecao.com.br\/index.php\/wp-json\/wp\/v2\/posts\/39762\/revisions"}],"wp:attachment":[{"href":"https:\/\/euvivoaselecao.com.br\/index.php\/wp-json\/wp\/v2\/media?parent=39762"}],"wp:term":[{"taxonomy":"category","embeddable":true,"href":"https:\/\/euvivoaselecao.com.br\/index.php\/wp-json\/wp\/v2\/categories?post=39762"},{"taxonomy":"post_tag","embeddable":true,"href":"https:\/\/euvivoaselecao.com.br\/index.php\/wp-json\/wp\/v2\/tags?post=39762"}],"curies":[{"name":"wp","href":"https:\/\/api.w.org\/{rel}","templated":true}]}}