{"id":39796,"date":"2025-01-31T17:31:32","date_gmt":"2025-01-31T20:31:32","guid":{"rendered":"https:\/\/euvivoaselecao.com.br\/index.php\/2025\/01\/31\/edital-com-distribuicao-de-vagas-ampliadas-em-concurso-para-professores-ja-esta-disponivel\/"},"modified":"2025-01-31T17:31:32","modified_gmt":"2025-01-31T20:31:32","slug":"edital-com-distribuicao-de-vagas-ampliadas-em-concurso-para-professores-ja-esta-disponivel","status":"publish","type":"post","link":"https:\/\/euvivoaselecao.com.br\/index.php\/2025\/01\/31\/edital-com-distribuicao-de-vagas-ampliadas-em-concurso-para-professores-ja-esta-disponivel\/","title":{"rendered":"Edital com distribui\u00e7\u00e3o de vagas ampliadas em concurso para professores j\u00e1 est\u00e1 dispon\u00edvel"},"content":{"rendered":"<p><\/p>\n<div id=\"post-502018\">\n<div class=\"text-center\"><\/div>\n<div class=\"entry\">\n<p>O Governo de Mato Grosso do Sul, por interm\u00e9dio da SED (Secretaria de Estado de Educa\u00e7\u00e3o), divulgou a distribui\u00e7\u00e3o das 142 vagas ampliadas no Concurso P\u00fablico de Provas e T\u00edtulos &#8211; SAD\/SED\/2022, destinado \u00e0 sele\u00e7\u00e3o de candidatos para o cargo de professor na Carreira Profissional da Educa\u00e7\u00e3o B\u00e1sica. A publica\u00e7\u00e3o foi feita no Di\u00e1rio Oficial do Estado desta sexta-feira, 31 de janeiro de 2025, p\u00e1ginas 108 e 109.<\/p>\n<p>No dia 28 de janeiro, o Governo do Estado divulgou a amplia\u00e7\u00e3o de 142 vagas no concurso que na publica\u00e7\u00e3o contava com 722 vagas. Uma primeira amplia\u00e7\u00e3o j\u00e1 havia sido realizada anteriormente, quando mais 202 candidatos aprovados foram chamados. Ao todo, 1.936 professores foram aprovados e classificados no concurso.<\/p>\n<p>Vale lembrar que, a validade do concurso realizado em 2022, que originalmente se encerraria em 30 de junho de 2024, foi prorrogada at\u00e9 30 de junho de 2026. Essa prorroga\u00e7\u00e3o garante mais tempo para que os candidatos possam ser convocados e efetivamente integrados ao quadro das escolas da REE (Rede Estadual de Ensino).<\/p>\n<p>Os candidatos devem ficar atentos \u00e0s pr\u00f3ximas publica\u00e7\u00f5es e atualiza\u00e7\u00f5es sobre o concurso, que ser\u00e3o divulgadas no Di\u00e1rio Oficial do Estado e tamb\u00e9m no site da SED. Essa medida visa garantir transpar\u00eancia e clareza aos candidatos interessados em ingressar na carreira docente.<\/p>\n<p><em>Jackeline Oliveira, Comunica\u00e7\u00e3o SED<br \/><\/em><em>Foto: Bruno Rezende\/Secom<\/em><\/p>\n<\/div><\/div>\n","protected":false},"excerpt":{"rendered":"<p>O Governo de Mato Grosso do Sul, por interm\u00e9dio da SED (Secretaria de Estado de Educa\u00e7\u00e3o), divulgou a distribui\u00e7\u00e3o das<\/p>\n","protected":false},"author":1,"featured_media":0,"comment_status":"","ping_status":"","sticky":false,"template":"","format":"standard","meta":{"colormag_page_container_layout":"default_layout","colormag_page_sidebar_layout":"default_layout","footnotes":""},"categories":[1],"tags":[],"class_list":["post-39796","post","type-post","status-publish","format-standard","hentry","category-sem-categoria"],"_links":{"self":[{"href":"https:\/\/euvivoaselecao.com.br\/index.php\/wp-json\/wp\/v2\/posts\/39796","targetHints":{"allow":["GET"]}}],"collection":[{"href":"https:\/\/euvivoaselecao.com.br\/index.php\/wp-json\/wp\/v2\/posts"}],"about":[{"href":"https:\/\/euvivoaselecao.com.br\/index.php\/wp-json\/wp\/v2\/types\/post"}],"author":[{"embeddable":true,"href":"https:\/\/euvivoaselecao.com.br\/index.php\/wp-json\/wp\/v2\/users\/1"}],"replies":[{"embeddable":true,"href":"https:\/\/euvivoaselecao.com.br\/index.php\/wp-json\/wp\/v2\/comments?post=39796"}],"version-history":[{"count":0,"href":"https:\/\/euvivoaselecao.com.br\/index.php\/wp-json\/wp\/v2\/posts\/39796\/revisions"}],"wp:attachment":[{"href":"https:\/\/euvivoaselecao.com.br\/index.php\/wp-json\/wp\/v2\/media?parent=39796"}],"wp:term":[{"taxonomy":"category","embeddable":true,"href":"https:\/\/euvivoaselecao.com.br\/index.php\/wp-json\/wp\/v2\/categories?post=39796"},{"taxonomy":"post_tag","embeddable":true,"href":"https:\/\/euvivoaselecao.com.br\/index.php\/wp-json\/wp\/v2\/tags?post=39796"}],"curies":[{"name":"wp","href":"https:\/\/api.w.org\/{rel}","templated":true}]}}