{"id":39801,"date":"2025-01-31T18:55:17","date_gmt":"2025-01-31T21:55:17","guid":{"rendered":"https:\/\/euvivoaselecao.com.br\/index.php\/2025\/01\/31\/bonito-recebe-50-mil-mudas-de-arvores-nativas-para-projeto-de-reflorestamento-prefeitura-municipal-de-bonito\/"},"modified":"2025-01-31T18:55:17","modified_gmt":"2025-01-31T21:55:17","slug":"bonito-recebe-50-mil-mudas-de-arvores-nativas-para-projeto-de-reflorestamento-prefeitura-municipal-de-bonito","status":"publish","type":"post","link":"https:\/\/euvivoaselecao.com.br\/index.php\/2025\/01\/31\/bonito-recebe-50-mil-mudas-de-arvores-nativas-para-projeto-de-reflorestamento-prefeitura-municipal-de-bonito\/","title":{"rendered":"Bonito recebe 50 mil mudas de \u00e1rvores nativas para projeto de reflorestamento &#8211; Prefeitura Municipal de Bonito"},"content":{"rendered":"<p><\/p>\n<div>\n<div class=\"td-post-featured-image\">\n<figure><figcaption class=\"wp-caption-text\">Prefeito de Bonito agradeceu os integrantes da Itaipu Binacional na Posse da Assomasul.<\/figcaption><\/figure>\n<\/div>\n<p>O munic\u00edpio de Bonito foi contemplado com a doa\u00e7\u00e3o de 50 mil mudas de \u00e1rvores nativas, cedidas pela Itaipu Binacional. A a\u00e7\u00e3o faz parte de um esfor\u00e7o conjunto para fortalecer as iniciativas de reflorestamento e preserva\u00e7\u00e3o ambiental na regi\u00e3o.<\/p>\n<p>A doa\u00e7\u00e3o foi viabilizada por meio da articula\u00e7\u00e3o do deputado federal Dagoberto Nogueira e do prefeito Josmail Rodrigues. A Prefeitura de Bonito, por meio da Secretaria de Meio Ambiente, agradece ao diretor-geral da Itaipu Binacional, Enio Verri, e ao diretor de Opera\u00e7\u00e3o, Carlos Carboni, por atenderem a solicita\u00e7\u00e3o e contribu\u00edrem com o desenvolvimento sustent\u00e1vel do munic\u00edpio.<\/p>\n<p>As mudas nativas dever\u00e3o ser retiradas no in\u00edcio do m\u00eas de fevereiro, dando in\u00edcio \u00e0 implementa\u00e7\u00e3o do projeto de reflorestamento que beneficiar\u00e1 diversas \u00e1reas do munic\u00edpio, refor\u00e7ando o compromisso de Bonito com a preserva\u00e7\u00e3o ambiental e a sustentabilidade.<\/p>\n<\/p><\/div>\n","protected":false},"excerpt":{"rendered":"<p>Prefeito de Bonito agradeceu os integrantes da Itaipu Binacional na Posse da Assomasul. O munic\u00edpio de Bonito foi contemplado com<\/p>\n","protected":false},"author":1,"featured_media":0,"comment_status":"","ping_status":"","sticky":false,"template":"","format":"standard","meta":{"colormag_page_container_layout":"default_layout","colormag_page_sidebar_layout":"default_layout","footnotes":""},"categories":[1],"tags":[],"class_list":["post-39801","post","type-post","status-publish","format-standard","hentry","category-sem-categoria"],"_links":{"self":[{"href":"https:\/\/euvivoaselecao.com.br\/index.php\/wp-json\/wp\/v2\/posts\/39801","targetHints":{"allow":["GET"]}}],"collection":[{"href":"https:\/\/euvivoaselecao.com.br\/index.php\/wp-json\/wp\/v2\/posts"}],"about":[{"href":"https:\/\/euvivoaselecao.com.br\/index.php\/wp-json\/wp\/v2\/types\/post"}],"author":[{"embeddable":true,"href":"https:\/\/euvivoaselecao.com.br\/index.php\/wp-json\/wp\/v2\/users\/1"}],"replies":[{"embeddable":true,"href":"https:\/\/euvivoaselecao.com.br\/index.php\/wp-json\/wp\/v2\/comments?post=39801"}],"version-history":[{"count":0,"href":"https:\/\/euvivoaselecao.com.br\/index.php\/wp-json\/wp\/v2\/posts\/39801\/revisions"}],"wp:attachment":[{"href":"https:\/\/euvivoaselecao.com.br\/index.php\/wp-json\/wp\/v2\/media?parent=39801"}],"wp:term":[{"taxonomy":"category","embeddable":true,"href":"https:\/\/euvivoaselecao.com.br\/index.php\/wp-json\/wp\/v2\/categories?post=39801"},{"taxonomy":"post_tag","embeddable":true,"href":"https:\/\/euvivoaselecao.com.br\/index.php\/wp-json\/wp\/v2\/tags?post=39801"}],"curies":[{"name":"wp","href":"https:\/\/api.w.org\/{rel}","templated":true}]}}