{"id":39803,"date":"2025-01-31T19:06:20","date_gmt":"2025-01-31T22:06:20","guid":{"rendered":"https:\/\/euvivoaselecao.com.br\/index.php\/2025\/01\/31\/secretaria-de-saude-tera-postos-medicos-no-circuito-de-blocos-do-carnaval-prefeitura-da-cidade-do-rio-de-janeiro\/"},"modified":"2025-01-31T19:06:20","modified_gmt":"2025-01-31T22:06:20","slug":"secretaria-de-saude-tera-postos-medicos-no-circuito-de-blocos-do-carnaval-prefeitura-da-cidade-do-rio-de-janeiro","status":"publish","type":"post","link":"https:\/\/euvivoaselecao.com.br\/index.php\/2025\/01\/31\/secretaria-de-saude-tera-postos-medicos-no-circuito-de-blocos-do-carnaval-prefeitura-da-cidade-do-rio-de-janeiro\/","title":{"rendered":"Secretaria de Sa\u00fade ter\u00e1 postos m\u00e9dicos no circuito de blocos do Carnaval &#8211; Prefeitura da Cidade do Rio de Janeiro"},"content":{"rendered":"<p><\/p>\n<div id=\"main\">\n<div class=\"wrapper-breadcrumbs\" wp_automatic_readability=\"33.51652173913\">\n<div class=\"image-post\" wp_automatic_readability=\"34\">\n                     S\u00e3o quatro postos m\u00e9dicos que dar\u00e3o suporte a um total de 44 blocos, incluindo os oito megablocos &#8211; Edu Kapps\/SMS                  <\/div>\n<p>A Secretaria Municipal de Sa\u00fade (SMS) preparou um esquema especial de atendimento pr\u00e9-hospitalar nas \u00e1reas de maior concentra\u00e7\u00e3o de p\u00fablico durante a programa\u00e7\u00e3o do Carnaval de rua na cidade, nos bairros do Centro, Copacabana e Ipanema. S\u00e3o quatro postos m\u00e9dicos que dar\u00e3o suporte a um total de 44 blocos, incluindo os oito megablocos do Centro e Zona Sul. Os postos do Centro come\u00e7am a funcionar j\u00e1 neste fim de semana para os desfiles dos megablocos Carrossel de Emo\u00e7\u00f5es e Ch\u00e1 da Alice.<\/p>\n<p>Os postos atender\u00e3o o p\u00fablico nos blocos de maior impacto no calend\u00e1rio de Carnaval de rua na cidade. A estrutura da SMS conta, ao todo, com 19 leitos, sendo um de suporte avan\u00e7ado em cada posto; al\u00e9m de 24 poltronas de hidrata\u00e7\u00e3o e 157 ambul\u00e2ncias avan\u00e7adas para transfer\u00eancia dos casos mais graves para UPAs ou hospitais da rede. As remo\u00e7\u00f5es ser\u00e3o coordenadas pela Central Municipal de Regula\u00e7\u00e3o. No total ser\u00e3o 580 plant\u00f5es m\u00e9dicos-profissionais de sa\u00fade.<\/p>\n<p>No Centro ser\u00e3o dois postos \u2013 na Pra\u00e7a Ana Am\u00e9lia e no Largo da Carioca \u2013 funcionando nos dias 1\u00ba,\u00a0 2 ,\u00a0 9,\u00a0 15,\u00a0 22\u00a0 e\u00a0 23 de fevereiro e 1\u00ba,\u00a0 2,\u00a0 3,\u00a0 4\u00a0 e\u00a0 8 de mar\u00e7o. Em Ipanema, o posto m\u00e9dico ficar\u00e1 na Pra\u00e7a Nossa Senhora da Paz e funcionar\u00e1 nos dias 16, 22, 26 e 28 de fevereiro e 1\u00ba, 2, 3 e 4 de mar\u00e7o. J\u00e1 em Copacabana, estar\u00e1 na Pra\u00e7a do Lido com opera\u00e7\u00e3o nos dias 23 de fevereiro e nos dias 1\u00ba, 2, 3, 4 e 8 de mar\u00e7o.<\/p>\n<p>             <!-- Compartilhe ---><\/p>\n<p>\t\t\t <!-- TAGS --><\/p>\n<section class=\"category-tags\">\n<div class=\"marcacao-category\">\n<article class=\"category-post\">\n<p>Categoria: <\/p>\n<\/article>\n<li>31 de janeiro de 2025<\/li><\/div>\n<article class=\"tags\">\n\t\t\t\t\tMarca\u00e7\u00f5es: atendimento blocos Carnaval de rua megablocos postos m\u00e9dicos sa\u00fade<br \/><\/article>\n<\/section>\n<p>            <!-- Mais Not&iacute;cias --><\/p>\n<p>\t\t<!-- Conte&uacute;do SIDEBAR --><\/p><\/div>\n<\/p><\/div>\n","protected":false},"excerpt":{"rendered":"<p>S\u00e3o quatro postos m\u00e9dicos que dar\u00e3o suporte a um total de 44 blocos, incluindo os oito megablocos &#8211; Edu Kapps\/SMS<\/p>\n","protected":false},"author":1,"featured_media":0,"comment_status":"","ping_status":"","sticky":false,"template":"","format":"standard","meta":{"colormag_page_container_layout":"default_layout","colormag_page_sidebar_layout":"default_layout","footnotes":""},"categories":[1],"tags":[],"class_list":["post-39803","post","type-post","status-publish","format-standard","hentry","category-sem-categoria"],"_links":{"self":[{"href":"https:\/\/euvivoaselecao.com.br\/index.php\/wp-json\/wp\/v2\/posts\/39803","targetHints":{"allow":["GET"]}}],"collection":[{"href":"https:\/\/euvivoaselecao.com.br\/index.php\/wp-json\/wp\/v2\/posts"}],"about":[{"href":"https:\/\/euvivoaselecao.com.br\/index.php\/wp-json\/wp\/v2\/types\/post"}],"author":[{"embeddable":true,"href":"https:\/\/euvivoaselecao.com.br\/index.php\/wp-json\/wp\/v2\/users\/1"}],"replies":[{"embeddable":true,"href":"https:\/\/euvivoaselecao.com.br\/index.php\/wp-json\/wp\/v2\/comments?post=39803"}],"version-history":[{"count":0,"href":"https:\/\/euvivoaselecao.com.br\/index.php\/wp-json\/wp\/v2\/posts\/39803\/revisions"}],"wp:attachment":[{"href":"https:\/\/euvivoaselecao.com.br\/index.php\/wp-json\/wp\/v2\/media?parent=39803"}],"wp:term":[{"taxonomy":"category","embeddable":true,"href":"https:\/\/euvivoaselecao.com.br\/index.php\/wp-json\/wp\/v2\/categories?post=39803"},{"taxonomy":"post_tag","embeddable":true,"href":"https:\/\/euvivoaselecao.com.br\/index.php\/wp-json\/wp\/v2\/tags?post=39803"}],"curies":[{"name":"wp","href":"https:\/\/api.w.org\/{rel}","templated":true}]}}