{"id":39829,"date":"2025-02-01T05:29:14","date_gmt":"2025-02-01T08:29:14","guid":{"rendered":"https:\/\/euvivoaselecao.com.br\/index.php\/2025\/02\/01\/nova-iguacu-retorna-ao-estagio-de-alerta-apos-fortes-chuvas-de-quarta-feira-29\/"},"modified":"2025-02-01T05:29:14","modified_gmt":"2025-02-01T08:29:14","slug":"nova-iguacu-retorna-ao-estagio-de-alerta-apos-fortes-chuvas-de-quarta-feira-29","status":"publish","type":"post","link":"https:\/\/euvivoaselecao.com.br\/index.php\/2025\/02\/01\/nova-iguacu-retorna-ao-estagio-de-alerta-apos-fortes-chuvas-de-quarta-feira-29\/","title":{"rendered":"Nova Igua\u00e7u retorna ao est\u00e1gio de alerta ap\u00f3s fortes chuvas de quarta-feira (29)"},"content":{"rendered":"<p><\/p>\n<div id=\"\">\n<p style=\"text-align: justify;\">A Prefeitura de Nova Igua\u00e7u est\u00e1 trabalhando para recuperar a cidade dos estragos causados pelas fortes chuvas na tarde de quarta-feira (29). Nesta quinta-feira (30), o prefeito Dudu Reina recebeu representantes do Governo do Estado para debater solu\u00e7\u00f5es com o objetivo de minimizar a possibilidade de novos transbordamentos do Rio Botas, principal rio do munic\u00edpio, que corta tamb\u00e9m Belford Roxo e Duque de Caxias at\u00e9 desaguar na Ba\u00eda de Guanabara. Equipes de diversas secretarias permanecem nas ruas de diferentes bairros em atendimento \u00e0s emerg\u00eancias. A cidade retornou ao est\u00e1gio de alerta \u00e0s 14h de hoje.<\/p>\n<p style=\"text-align: justify;\">\u201cPor mais que fa\u00e7amos nossa parte, dando assist\u00eancia \u00e0 nossa popula\u00e7\u00e3o, com diversos servi\u00e7os da Prefeitura, \u00e9 fundamental unir for\u00e7as junto ao Estado e \u00e0 Uni\u00e3o para que possamos buscar solu\u00e7\u00f5es que sejam realmente eficazes contra as enchentes de ver\u00e3o na cidade. Por isso o Projeto Igua\u00e7u, que necessita de recursos federais por seu alto custo, precisa ser executado\u201d, afirma Dudu Reina, que voltou a percorrer, nesta quinta-feira, regi\u00f5es afetadas pelas fortes chuvas.<\/p>\n<p style=\"text-align: justify;\">H\u00e1 previs\u00e3o de chuva moderada a ocasionalmente forte ao longo das pr\u00f3ximas horas. No momento, o risco de novos alagamentos \u00e9 considerado alto. Por isso, a Secretaria Municipal de Defesa Civil pede para que a popula\u00e7\u00e3o fique atenta aos alertas emitidos via SMS. Em caso de emerg\u00eancia, est\u00e3o dispon\u00edveis os telefones 199 \/ 2667-5751 \/ 9-8160-9740.<\/p>\n<p style=\"text-align: justify;\"><strong>A\u00e7\u00f5es nas ruas<\/strong><\/p>\n<\/p>\n<p style=\"text-align: justify;\">Agentes da Defesa Civil municipal e tamb\u00e9m estadual e das secretarias municipais de Assist\u00eancia Social, de Sa\u00fade, de Servi\u00e7os Delegados, de Servi\u00e7os P\u00fablicos, de Infraestrutura, de Meio Ambiente, de Transporte, Tr\u00e2nsito e Mobilidade Urbana e outros \u00f3rg\u00e3os municipais permanecem nas ruas. Dois \u00f4nibus da Sa\u00fade foram colocados \u00e0 disposi\u00e7\u00e3o da popula\u00e7\u00e3o na Avenida Maracan\u00e3 e na Rua Luc\u00edlia, ambas em Comendador Soares, para oferecer atendimentos m\u00e9dico, de enfermagem e vacina\u00e7\u00e3o. J\u00e1 as equipes da Defesa Civil e da Assist\u00eancia Social seguem fazendo o levantamento de ruas e casas afetadas, enquanto o setor de Limpeza Urbana trabalha na desobstru\u00e7\u00e3o de bueiros e retirada de entulho e lama das vias.<\/p>\n<p style=\"text-align: justify;\">De acordo com o \u00faltimo boletim emitido pela Secretaria Municipal de Defesa Civil, 112 ocorr\u00eancias foram registradas at\u00e9 o momento, sendo 63 delas por alagamentos de im\u00f3veis. N\u00e3o h\u00e1 mais registro de pessoas desalojadas. N\u00e3o houve casos de desabrigados, mortos e feridos.<\/p>\n<p style=\"text-align: justify;\"><strong>Balan\u00e7o do temporal<\/strong><\/p>\n<\/p>\n<p style=\"text-align: justify;\">Nova Igua\u00e7u foi atingida por um forte temporal na tarde de quarta-feira (29). O maior acumulado pluviom\u00e9trico foi registrado na esta\u00e7\u00e3o do bairro Riach\u00e3o, com 119,61mm em seis horas. Deste total, 77,13mm ca\u00edram sobre a regi\u00e3o em apenas duas horas. Os 119,61mm de chuva captados pela esta\u00e7\u00e3o representam 40% da m\u00e9dia esperada para todo o m\u00eas de janeiro, que \u00e9 de 298,15mm.<\/p>\n<p style=\"text-align: justify;\">O Centro (84,6mm), Moquet\u00e1 (77,1mm) e Ponto Chique (72mm) tamb\u00e9m receberam grande volume de \u00e1gua no mesmo per\u00edodo. O Rio Botas transbordou por volta das 16h15 de quarta e chegou a atingir 4,77m de n\u00edvel \u00e0s 17h45.<\/p>\n<p style=\"text-align: justify;\">Em fun\u00e7\u00e3o disso, a Prefeitura instituiu, nesta quinta-feira (30), o Gabinete de Gerenciamento de Crise. O decreto tem por objetivo adotar medidas visando a avalia\u00e7\u00e3o e busca por provid\u00eancias a serem tomadas com a finalidade de atender \u00e0s demandas da popula\u00e7\u00e3o afetada pela tempestade.<\/p>\n<p style=\"text-align: justify;\"><strong>Obras no Rio Botas e outros servi\u00e7os<\/strong><\/p>\n<\/p>\n<p style=\"text-align: justify;\">Nos \u00faltimos anos, a Prefeitura realizou obras de canaliza\u00e7\u00e3o no Rio Botas, incluindo o alargamento da calha de sete para 14 metros em um trecho de 1,2 km entre Ouro Preto e Comendador Soares, aumentando a profundidade de 1,5m para 3m. Para que o servi\u00e7o fosse executado pela Secretaria Municipal de Infraestrutura, a prefeitura demoliu quase 400 constru\u00e7\u00f5es irregulares \u00e0s margens do rio, entregou moradias novas a 335 fam\u00edlias e ressarciu outras 61. Al\u00e9m disso, a limpeza dos rios, canais e desobstru\u00e7\u00e3o de bueiros \u00e9 feita regularmente.<\/p>\n<p style=\"text-align: justify;\">No entanto, para que a canaliza\u00e7\u00e3o do Botas tenha a efici\u00eancia desejada, \u00e9 fundamental que saia do papel o Projeto Igua\u00e7u, or\u00e7ado inicialmente em R$ 1 bilh\u00e3o e que necessita do apoio do Estado e da Uni\u00e3o para sua execu\u00e7\u00e3o. O projeto consiste na constru\u00e7\u00e3o de barragens e cria\u00e7\u00e3o de reservat\u00f3rios, entre outras medidas que poder\u00e3o evitar o transbordamento do rio. Para que se tenha \u00eaxito, a obra deve ser executada desde o des\u00e1gue na ba\u00eda de Guanabara, em Duque de Caxias, passando por Belford Roxo at\u00e9 chegar a Nova Igua\u00e7u. Desta forma, tr\u00eas milh\u00f5es de pessoas em seis munic\u00edpios da Baixada seriam beneficiadas.<\/p>\n<p style=\"text-align: justify;\">Enquanto isso, com o objetivo de minimizar o impacto das chuvas, a Prefeitura planeja a constru\u00e7\u00e3o de piscin\u00f5es na Via Light capazes de reter grande volume de \u00e1gua. No entanto, o governo municipal depende de autoriza\u00e7\u00e3o da concession\u00e1ria Light devido \u00e0 presen\u00e7a de redes el\u00e9tricas.<\/p>\n<\/p><\/div>\n","protected":false},"excerpt":{"rendered":"<p>A Prefeitura de Nova Igua\u00e7u est\u00e1 trabalhando para recuperar a cidade dos estragos causados pelas fortes chuvas na tarde de<\/p>\n","protected":false},"author":1,"featured_media":0,"comment_status":"","ping_status":"","sticky":false,"template":"","format":"standard","meta":{"colormag_page_container_layout":"default_layout","colormag_page_sidebar_layout":"default_layout","footnotes":""},"categories":[1],"tags":[],"class_list":["post-39829","post","type-post","status-publish","format-standard","hentry","category-sem-categoria"],"_links":{"self":[{"href":"https:\/\/euvivoaselecao.com.br\/index.php\/wp-json\/wp\/v2\/posts\/39829","targetHints":{"allow":["GET"]}}],"collection":[{"href":"https:\/\/euvivoaselecao.com.br\/index.php\/wp-json\/wp\/v2\/posts"}],"about":[{"href":"https:\/\/euvivoaselecao.com.br\/index.php\/wp-json\/wp\/v2\/types\/post"}],"author":[{"embeddable":true,"href":"https:\/\/euvivoaselecao.com.br\/index.php\/wp-json\/wp\/v2\/users\/1"}],"replies":[{"embeddable":true,"href":"https:\/\/euvivoaselecao.com.br\/index.php\/wp-json\/wp\/v2\/comments?post=39829"}],"version-history":[{"count":0,"href":"https:\/\/euvivoaselecao.com.br\/index.php\/wp-json\/wp\/v2\/posts\/39829\/revisions"}],"wp:attachment":[{"href":"https:\/\/euvivoaselecao.com.br\/index.php\/wp-json\/wp\/v2\/media?parent=39829"}],"wp:term":[{"taxonomy":"category","embeddable":true,"href":"https:\/\/euvivoaselecao.com.br\/index.php\/wp-json\/wp\/v2\/categories?post=39829"},{"taxonomy":"post_tag","embeddable":true,"href":"https:\/\/euvivoaselecao.com.br\/index.php\/wp-json\/wp\/v2\/tags?post=39829"}],"curies":[{"name":"wp","href":"https:\/\/api.w.org\/{rel}","templated":true}]}}