{"id":39862,"date":"2025-02-01T20:29:47","date_gmt":"2025-02-01T23:29:47","guid":{"rendered":"https:\/\/euvivoaselecao.com.br\/index.php\/2025\/02\/01\/benfica-desmente-que-esteja-contratando-bruma-alvo-do-vasco\/"},"modified":"2025-02-01T20:29:47","modified_gmt":"2025-02-01T23:29:47","slug":"benfica-desmente-que-esteja-contratando-bruma-alvo-do-vasco","status":"publish","type":"post","link":"https:\/\/euvivoaselecao.com.br\/index.php\/2025\/02\/01\/benfica-desmente-que-esteja-contratando-bruma-alvo-do-vasco\/","title":{"rendered":"Benfica desmente que esteja contratando Bruma, alvo do Vasco"},"content":{"rendered":"<p><\/p>\n<div id=\"post-69802\">\n<div class=\"clearfix entry-content\">\n<p>Benfica desmente que esteja contratando Bruma, alvo do Vasco  \t\t\t\t\t\t                        S\u00e1bado, 01\/02\/2025  \u2013 10:59                              \t\t\t\t\tNewsColina @newscolina <br \/>Sobre a imagem que circula do jornal portugu\u00eas colocando Bruma no Benfica, o clube portugu\u00eas desmentiu a informa\u00e7\u00e3o.  <\/p>\n<p>Fonte: X NewsColina <\/p>\n<p>Coluna Vermelha @CurtaVermelha <br \/>\u00abO Sport Lisboa e Benfica desmente todas as (des)informa\u00e7\u00f5es do jornal Correio da Manh\u00e3 de hoje que, uma vez mais, sem citar quaisquer fontes, insiste numa pr\u00e1tica jornal\u00edstica conden\u00e1vel e sem o m\u00ednimo de credibilidade, denegrindo o Sport Lisboa e Benfica.\u00bb <\/p>\n<p>O Benfica vende. Continuo a questionar-me se o Benfica n\u00e3o poderia fazer isto de uma forma muito mais f\u00e1cil utilizando as redes sociais. Se o fen\u00f3meno dos insiders (aka fonten\u00e1rios) j\u00e1 chegou a Portugal, porqu\u00ea n\u00e3o abra\u00e7\u00e1-lo internamente? <\/p>\n<p>Fonte: X Coluna Vermelha<\/p>\n<div class=\"sharedaddy sd-block sd-like jetpack-likes-widget-wrapper jetpack-likes-widget-unloaded\" id=\"like-post-wrapper-173292096-69802-679eaf12d9922\" data-src=\"https:\/\/widgets.wp.com\/likes\/?ver=14.2.1#blog_id=173292096&amp;post_id=69802&amp;origin=vasconet.com.br&amp;obj_id=173292096-69802-679eaf12d9922&amp;n=1\" data-name=\"like-post-frame-173292096-69802-679eaf12d9922\" data-title=\"Curtir ou reblogar\">\n<h3 class=\"sd-title\">Curtir isso:<\/h3>\n<p><span class=\"button\"><span>Curtir<\/span><\/span> <span class=\"loading\">Carregando&#8230;<\/span><\/p>\n<p><span class=\"sd-text-color\"><\/span><\/div>\n<\/p>\n<h3 class=\"jp-relatedposts-headline\"><em>Relacionado<\/em><\/h3>\n<p><!-- CONTENT END 2 --><br \/>\n\t\t\t<!-- .entry-content --><\/div>\n<p><!-- #post-69802 --><\/div>\n","protected":false},"excerpt":{"rendered":"<p>Benfica desmente que esteja contratando Bruma, alvo do Vasco S\u00e1bado, 01\/02\/2025 \u2013 10:59 NewsColina @newscolina Sobre a imagem que circula<\/p>\n","protected":false},"author":1,"featured_media":0,"comment_status":"","ping_status":"","sticky":false,"template":"","format":"standard","meta":{"colormag_page_container_layout":"default_layout","colormag_page_sidebar_layout":"default_layout","footnotes":""},"categories":[1],"tags":[],"class_list":["post-39862","post","type-post","status-publish","format-standard","hentry","category-sem-categoria"],"_links":{"self":[{"href":"https:\/\/euvivoaselecao.com.br\/index.php\/wp-json\/wp\/v2\/posts\/39862","targetHints":{"allow":["GET"]}}],"collection":[{"href":"https:\/\/euvivoaselecao.com.br\/index.php\/wp-json\/wp\/v2\/posts"}],"about":[{"href":"https:\/\/euvivoaselecao.com.br\/index.php\/wp-json\/wp\/v2\/types\/post"}],"author":[{"embeddable":true,"href":"https:\/\/euvivoaselecao.com.br\/index.php\/wp-json\/wp\/v2\/users\/1"}],"replies":[{"embeddable":true,"href":"https:\/\/euvivoaselecao.com.br\/index.php\/wp-json\/wp\/v2\/comments?post=39862"}],"version-history":[{"count":0,"href":"https:\/\/euvivoaselecao.com.br\/index.php\/wp-json\/wp\/v2\/posts\/39862\/revisions"}],"wp:attachment":[{"href":"https:\/\/euvivoaselecao.com.br\/index.php\/wp-json\/wp\/v2\/media?parent=39862"}],"wp:term":[{"taxonomy":"category","embeddable":true,"href":"https:\/\/euvivoaselecao.com.br\/index.php\/wp-json\/wp\/v2\/categories?post=39862"},{"taxonomy":"post_tag","embeddable":true,"href":"https:\/\/euvivoaselecao.com.br\/index.php\/wp-json\/wp\/v2\/tags?post=39862"}],"curies":[{"name":"wp","href":"https:\/\/api.w.org\/{rel}","templated":true}]}}