{"id":39872,"date":"2025-02-02T00:34:15","date_gmt":"2025-02-02T03:34:15","guid":{"rendered":"https:\/\/euvivoaselecao.com.br\/index.php\/2025\/02\/02\/bibliotecas-promovem-oficinas-de-carnaval-em-fevereiro\/"},"modified":"2025-02-02T00:34:15","modified_gmt":"2025-02-02T03:34:15","slug":"bibliotecas-promovem-oficinas-de-carnaval-em-fevereiro","status":"publish","type":"post","link":"https:\/\/euvivoaselecao.com.br\/index.php\/2025\/02\/02\/bibliotecas-promovem-oficinas-de-carnaval-em-fevereiro\/","title":{"rendered":"Bibliotecas promovem oficinas de carnaval em fevereiro"},"content":{"rendered":"<p><\/p>\n<div>\n<p><b>Lucas Brito<\/b><br \/>&#13;<br \/>\n&#13;<br \/>\n                <span style=\"font-weight: bold;\">Secretaria de Educa\u00e7\u00e3o e Cidadania<\/span><\/p>\n<p><span style=\"font-weight: 400;\">Em fevereiro, tem carnaval nas bibliotecas municipais de S\u00e3o Jos\u00e9 dos Campos. Al\u00e9m de oficinas tem\u00e1ticas no fim do m\u00eas, as bibliotecas Cassiano Ricardo (Centro), H\u00e9lio Pinto Ferreira (Jardim das Ind\u00fastrias) e Helena Molina (Eug\u00eanio de Melo) ter\u00e3o diversas atividades gratuitas nas pr\u00f3ximas semanas, incluindo palestras e exposi\u00e7\u00f5es.<\/span><\/p>\n<p><span style=\"font-weight: 400;\">As atra\u00e7\u00f5es estimulam o enriquecimento cultural e incentivam o h\u00e1bito da leitura, principalmente para os estudantes, conectando os leitores e apresentando novas obras, que v\u00e3o al\u00e9m das suas escolhas habituais.<\/span><\/p>\n<p><span style=\"font-weight: 400;\">Os servi\u00e7os regulares, como emiss\u00e3o de carteirinha, acesso \u00e0 internet e computadores para estudos, exposi\u00e7\u00f5es e empr\u00e9stimos de livros, continuam dispon\u00edveis normalmente.<\/span><\/p>\n<p><span style=\"font-weight: 400;\">As bibliotecas est\u00e3o abertas para visitas monitoradas, de segunda a sexta-feira, mediante agendamento pr\u00e9vio. O hor\u00e1rio de funcionamento \u00e9 das 8h15 \u00e0s 16h45 na Biblioteca Cassiano Ricardo, e de 8h15 \u00e0s 11h45 e 13h15 \u00e0s 16h45 nas demais.<\/span><\/p>\n<p><span style=\"font-weight: 400;\">A programa\u00e7\u00e3o varia de unidade para unidade e pode sofrer altera\u00e7\u00f5es, portanto \u00e9 recomendado ao p\u00fablico interessado confirmar pelo telefone antecipadamente.<\/span><\/p>\n<p><span style=\"font-weight: 400;\">Confira as novidades que cada biblioteca preparou para este m\u00eas.<\/span><\/p>\n<p><span class=\"intertitulo\">Programa\u00e7\u00e3o de fevereiro<\/span><\/p>\n<p><strong>Biblioteca Cassiano Ricardo:<\/strong><\/p>\n<p><span style=\"font-weight: 400;\">\u2022 03\/02 a 28\/02 &#8211; Barganha Liter\u00e1ria: Troca de livros (adulto e infantojuvenil)<br \/>\u2022\u00a0<\/span><span style=\"font-weight: 400;\">03\/02 a 28\/02 &#8211; Autor destaque: J\u00falio Verne<br \/>\u2022\u00a0<\/span><span style=\"font-weight: 400;\">05\/02 (14h) &#8211; Visita monitorada para a comunidade leitora<br \/><\/span><span style=\"font-weight: 400;\">\u2022 07\/02 (14h) &#8211; Palestra: \u201cMovimento Saud\u00e1vel, Vida Plena\u201d<br \/>\u2022\u00a0<\/span><span style=\"font-weight: 400;\">21\/02 (14h) &#8211; Curso de inova\u00e7\u00e3o +60<br \/>\u2022\u00a0<\/span><span style=\"font-weight: 400;\">26\/02 (14h) &#8211; Conta\u00e7\u00e3o de hist\u00f3rias: \u201cDia de contar um conto de fadas\u201d<br \/>\u2022\u00a0<\/span><span style=\"font-weight: 400;\">28\/02 (14h) &#8211; Oficina criativa: M\u00e1scaras de carnaval<\/span><\/p>\n<p><span style=\"font-weight: 400;\">Telefone: (12) 3921-6330<\/span><span style=\"font-weight: 400;\"><br \/><\/span><span style=\"font-weight: 400;\">Endere\u00e7o: Rua XV de novembro, 99 &#8211; Centro<\/span><\/p>\n<p><strong>Biblioteca Helena Molina:<\/strong><\/p>\n<p><span style=\"font-weight: 400;\">\u2022 03\/02 a 28\/02 &#8211; Autor destaque: Ruth Rocha<br \/>\u2022\u00a0<\/span><span style=\"font-weight: 400;\">04\/02 (9h) &#8211; Roda teen liter\u00e1ria<br \/>\u2022\u00a0<\/span><span style=\"font-weight: 400;\">26\/02 (10h) &#8211; Oficina liter\u00e1ria: \u201c\u00d4 Abre alas para a poesia\u201d<br \/>\u2022\u00a0<\/span><span style=\"font-weight: 400;\">28\/02 (9h) &#8211; Oficina criativa: M\u00e1scaras de carnaval<\/span><\/p>\n<p><span style=\"font-weight: 400;\">Telefone: (12) 3905-3001<\/span><span style=\"font-weight: 400;\"><br \/><\/span><span style=\"font-weight: 400;\">Endere\u00e7o: Pra\u00e7a Em\u00edlia Molina, 77 &#8211; Eug\u00eanio de Melo<\/span><\/p>\n<p><strong>Biblioteca H\u00e9lio Pinto Ferreira:<\/strong><\/p>\n<p><span style=\"font-weight: 400;\">\u2022 03\/02 a 28\/02 &#8211; Barganha Liter\u00e1ria: Troca de livros (adulto e infantojuvenil)<br \/>\u2022\u00a0<\/span><span style=\"font-weight: 400;\">03\/02 a 28\/02 &#8211; Autor destaque: Ruth Rocha<br \/>\u2022\u00a0<\/span><span style=\"font-weight: 400;\">26\/02 (10h) &#8211; Conta\u00e7\u00e3o de hist\u00f3rias: \u201cDia de contar um conto de fadas\u201d<br \/>\u2022\u00a0<\/span><span style=\"font-weight: 400;\">28\/02 (14h) &#8211; Oficina criativa: M\u00e1scaras de carnaval<\/span><\/p>\n<p><span style=\"font-weight: 400;\">Telefone: (12) 3931-2549<\/span><span style=\"font-weight: 400;\"><br \/><\/span><span style=\"font-weight: 400;\">Endere\u00e7o: Rua Professor Henrique Jorge Guedes, 57 &#8211; Jardim das Ind\u00fastrias<\/span><\/p>\n<p>&#13;<br \/>\n                        <strong>MAIS NOT\u00cdCIAS<\/strong><br \/>&#13;<br \/>\n                        Secretaria de Educa\u00e7\u00e3o e Cidadania&#13;\n                    <\/p>\n<\/p><\/div>\n","protected":false},"excerpt":{"rendered":"<p>Lucas Brito&#13; &#13; Secretaria de Educa\u00e7\u00e3o e Cidadania Em fevereiro, tem carnaval nas bibliotecas municipais de S\u00e3o Jos\u00e9 dos Campos.<\/p>\n","protected":false},"author":1,"featured_media":0,"comment_status":"","ping_status":"","sticky":false,"template":"","format":"standard","meta":{"colormag_page_container_layout":"default_layout","colormag_page_sidebar_layout":"default_layout","footnotes":""},"categories":[1],"tags":[],"class_list":["post-39872","post","type-post","status-publish","format-standard","hentry","category-sem-categoria"],"_links":{"self":[{"href":"https:\/\/euvivoaselecao.com.br\/index.php\/wp-json\/wp\/v2\/posts\/39872","targetHints":{"allow":["GET"]}}],"collection":[{"href":"https:\/\/euvivoaselecao.com.br\/index.php\/wp-json\/wp\/v2\/posts"}],"about":[{"href":"https:\/\/euvivoaselecao.com.br\/index.php\/wp-json\/wp\/v2\/types\/post"}],"author":[{"embeddable":true,"href":"https:\/\/euvivoaselecao.com.br\/index.php\/wp-json\/wp\/v2\/users\/1"}],"replies":[{"embeddable":true,"href":"https:\/\/euvivoaselecao.com.br\/index.php\/wp-json\/wp\/v2\/comments?post=39872"}],"version-history":[{"count":0,"href":"https:\/\/euvivoaselecao.com.br\/index.php\/wp-json\/wp\/v2\/posts\/39872\/revisions"}],"wp:attachment":[{"href":"https:\/\/euvivoaselecao.com.br\/index.php\/wp-json\/wp\/v2\/media?parent=39872"}],"wp:term":[{"taxonomy":"category","embeddable":true,"href":"https:\/\/euvivoaselecao.com.br\/index.php\/wp-json\/wp\/v2\/categories?post=39872"},{"taxonomy":"post_tag","embeddable":true,"href":"https:\/\/euvivoaselecao.com.br\/index.php\/wp-json\/wp\/v2\/tags?post=39872"}],"curies":[{"name":"wp","href":"https:\/\/api.w.org\/{rel}","templated":true}]}}