{"id":39873,"date":"2025-02-02T00:38:41","date_gmt":"2025-02-02T03:38:41","guid":{"rendered":"https:\/\/euvivoaselecao.com.br\/index.php\/2025\/02\/02\/philippe-coutinho-convoca-torcida-para-assistir-a-vasco-x-volta-redonda-na-vascotv-veja\/"},"modified":"2025-02-02T00:38:41","modified_gmt":"2025-02-02T03:38:41","slug":"philippe-coutinho-convoca-torcida-para-assistir-a-vasco-x-volta-redonda-na-vascotv-veja","status":"publish","type":"post","link":"https:\/\/euvivoaselecao.com.br\/index.php\/2025\/02\/02\/philippe-coutinho-convoca-torcida-para-assistir-a-vasco-x-volta-redonda-na-vascotv-veja\/","title":{"rendered":"Philippe Coutinho convoca torcida para assistir a Vasco x Volta Redonda na VascoTV; veja"},"content":{"rendered":"<p><\/p>\n<div id=\"post-69790\">\n<div class=\"clearfix entry-content\">\n<p>Philippe Coutinho convoca torcida para assistir a Vasco x Volta Redonda na VascoTV; veja  \t\t\t\t\t\t                        S\u00e1bado, 01\/02\/2025  \u2013 12:18                              \t\t\t\t\tvascodagama  <\/p>\n<p>\ud83d\udde3\ufe0f SE LIGUEM NO RECADO DO NOSSO M\u00c1GICO \ud83c\udfa9  <\/p>\n<p>A melhor transmiss\u00e3o de Vasco x Volta Redonda pela pr\u00f3xima rodada do Campeonato Carioca \u00e9 na VASCOTV!  <br \/>\ud83d\udcfa Ao vivo e com imagens!  <br \/>\ud83d\udca2 De Vasca\u00edno para Vasca\u00edno!  <br \/>\u27a1\ufe0f youtube.com\/vasco  <\/p>\n<p>\ud83c\udf9f\ufe0f Cupom especial para ades\u00e3o e renova\u00e7\u00e3o no @sociogigante:  <br \/>CAPIXABA30  <\/p>\n<p>#VascoDaGama  <\/p>\n<p><iframe><\/iframe>  <\/p>\n<p>Fonte: Instagram oficial do Vasco<\/p>\n<div class=\"sharedaddy sd-block sd-like jetpack-likes-widget-wrapper jetpack-likes-widget-unloaded\" id=\"like-post-wrapper-173292096-69790-679ee9696bb7d\" data-src=\"https:\/\/widgets.wp.com\/likes\/?ver=14.2.1#blog_id=173292096&amp;post_id=69790&amp;origin=vasconet.com.br&amp;obj_id=173292096-69790-679ee9696bb7d&amp;n=1\" data-name=\"like-post-frame-173292096-69790-679ee9696bb7d\" data-title=\"Curtir ou reblogar\">\n<h3 class=\"sd-title\">Curtir isso:<\/h3>\n<p><span class=\"button\"><span>Curtir<\/span><\/span> <span class=\"loading\">Carregando&#8230;<\/span><\/p>\n<p><span class=\"sd-text-color\"><\/span><\/div>\n<\/p>\n<h3 class=\"jp-relatedposts-headline\"><em>Relacionado<\/em><\/h3>\n<p><!-- CONTENT END 2 --><br \/>\n\t\t\t<!-- .entry-content --><\/div>\n<p><!-- #post-69790 --><\/div>\n","protected":false},"excerpt":{"rendered":"<p>Philippe Coutinho convoca torcida para assistir a Vasco x Volta Redonda na VascoTV; veja S\u00e1bado, 01\/02\/2025 \u2013 12:18 vascodagama \ud83d\udde3\ufe0f<\/p>\n","protected":false},"author":1,"featured_media":0,"comment_status":"","ping_status":"","sticky":false,"template":"","format":"standard","meta":{"colormag_page_container_layout":"default_layout","colormag_page_sidebar_layout":"default_layout","footnotes":""},"categories":[1],"tags":[],"class_list":["post-39873","post","type-post","status-publish","format-standard","hentry","category-sem-categoria"],"_links":{"self":[{"href":"https:\/\/euvivoaselecao.com.br\/index.php\/wp-json\/wp\/v2\/posts\/39873","targetHints":{"allow":["GET"]}}],"collection":[{"href":"https:\/\/euvivoaselecao.com.br\/index.php\/wp-json\/wp\/v2\/posts"}],"about":[{"href":"https:\/\/euvivoaselecao.com.br\/index.php\/wp-json\/wp\/v2\/types\/post"}],"author":[{"embeddable":true,"href":"https:\/\/euvivoaselecao.com.br\/index.php\/wp-json\/wp\/v2\/users\/1"}],"replies":[{"embeddable":true,"href":"https:\/\/euvivoaselecao.com.br\/index.php\/wp-json\/wp\/v2\/comments?post=39873"}],"version-history":[{"count":0,"href":"https:\/\/euvivoaselecao.com.br\/index.php\/wp-json\/wp\/v2\/posts\/39873\/revisions"}],"wp:attachment":[{"href":"https:\/\/euvivoaselecao.com.br\/index.php\/wp-json\/wp\/v2\/media?parent=39873"}],"wp:term":[{"taxonomy":"category","embeddable":true,"href":"https:\/\/euvivoaselecao.com.br\/index.php\/wp-json\/wp\/v2\/categories?post=39873"},{"taxonomy":"post_tag","embeddable":true,"href":"https:\/\/euvivoaselecao.com.br\/index.php\/wp-json\/wp\/v2\/tags?post=39873"}],"curies":[{"name":"wp","href":"https:\/\/api.w.org\/{rel}","templated":true}]}}