{"id":39874,"date":"2025-02-02T01:16:49","date_gmt":"2025-02-02T04:16:49","guid":{"rendered":"https:\/\/euvivoaselecao.com.br\/index.php\/2025\/02\/02\/educacao-inicia-formacoes-com-gestores-escolares-para-aplicar-novidades-na-rede-estadual-de-ensino\/"},"modified":"2025-02-02T01:16:49","modified_gmt":"2025-02-02T04:16:49","slug":"educacao-inicia-formacoes-com-gestores-escolares-para-aplicar-novidades-na-rede-estadual-de-ensino","status":"publish","type":"post","link":"https:\/\/euvivoaselecao.com.br\/index.php\/2025\/02\/02\/educacao-inicia-formacoes-com-gestores-escolares-para-aplicar-novidades-na-rede-estadual-de-ensino\/","title":{"rendered":"Educa\u00e7\u00e3o inicia forma\u00e7\u00f5es com gestores escolares para aplicar novidades na rede estadual de ensino"},"content":{"rendered":"<p><\/p>\n<div>\n<figure class=\"wp-block-audio\"><audio controls=\"\" src=\"https:\/\/estado.sc.gov.br\/noticias\/wp-content\/uploads\/sites\/3\/2025\/01\/SECOM-Sonora-Secretaria-Adjunta-Educacao-Formacao-Professores.mp3\"\/><\/figure>\n<p><span id=\"more-336052\"\/><\/p>\n<p>A Secretaria de Estado da Educa\u00e7\u00e3o realizou forma\u00e7\u00f5es online com gestores escolares para apresentar e esclarecer d\u00favidas sobre duas das novidades que ser\u00e3o implementadas em 2025 na Rede Estadual de Ensino: o m\u00e9todo IntraAct e a amplia\u00e7\u00e3o do componente curricular de L\u00edngua Inglesa para estudantes dos Anos Iniciais do Ensino Fundamental.<\/p>\n<p>Neste ano, a implementa\u00e7\u00e3o do m\u00e9todo IntraAct de alfabetiza\u00e7\u00e3o funcionar\u00e1 como um projeto piloto que ser\u00e1 aplicado em duas escolas de cada uma das 36 Coordenadorias Regionais de Educa\u00e7\u00e3o mais o Instituto Estadual de Educa\u00e7\u00e3o.<\/p>\n<p>Desenvolvida na Alemanha, a iniciativa servir\u00e1 como um subs\u00eddio para o trabalho dos professores ao longo do processo de alfabetiza\u00e7\u00e3o dos estudantes.<\/p>\n<p>A secret\u00e1ria adjunta de Estado da Educa\u00e7\u00e3o, Patr\u00edcia Lueders, fala dos preparativas para a implementa\u00e7\u00e3o das novidades do ano letivo 2025:<\/p>\n<p>SONORA<\/p>\n<\/p><\/div>\n","protected":false},"excerpt":{"rendered":"<p>A Secretaria de Estado da Educa\u00e7\u00e3o realizou forma\u00e7\u00f5es online com gestores escolares para apresentar e esclarecer d\u00favidas sobre duas das<\/p>\n","protected":false},"author":1,"featured_media":0,"comment_status":"","ping_status":"","sticky":false,"template":"","format":"standard","meta":{"colormag_page_container_layout":"default_layout","colormag_page_sidebar_layout":"default_layout","footnotes":""},"categories":[1],"tags":[],"class_list":["post-39874","post","type-post","status-publish","format-standard","hentry","category-sem-categoria"],"_links":{"self":[{"href":"https:\/\/euvivoaselecao.com.br\/index.php\/wp-json\/wp\/v2\/posts\/39874","targetHints":{"allow":["GET"]}}],"collection":[{"href":"https:\/\/euvivoaselecao.com.br\/index.php\/wp-json\/wp\/v2\/posts"}],"about":[{"href":"https:\/\/euvivoaselecao.com.br\/index.php\/wp-json\/wp\/v2\/types\/post"}],"author":[{"embeddable":true,"href":"https:\/\/euvivoaselecao.com.br\/index.php\/wp-json\/wp\/v2\/users\/1"}],"replies":[{"embeddable":true,"href":"https:\/\/euvivoaselecao.com.br\/index.php\/wp-json\/wp\/v2\/comments?post=39874"}],"version-history":[{"count":0,"href":"https:\/\/euvivoaselecao.com.br\/index.php\/wp-json\/wp\/v2\/posts\/39874\/revisions"}],"wp:attachment":[{"href":"https:\/\/euvivoaselecao.com.br\/index.php\/wp-json\/wp\/v2\/media?parent=39874"}],"wp:term":[{"taxonomy":"category","embeddable":true,"href":"https:\/\/euvivoaselecao.com.br\/index.php\/wp-json\/wp\/v2\/categories?post=39874"},{"taxonomy":"post_tag","embeddable":true,"href":"https:\/\/euvivoaselecao.com.br\/index.php\/wp-json\/wp\/v2\/tags?post=39874"}],"curies":[{"name":"wp","href":"https:\/\/api.w.org\/{rel}","templated":true}]}}