{"id":39892,"date":"2025-02-02T09:01:01","date_gmt":"2025-02-02T12:01:01","guid":{"rendered":"https:\/\/euvivoaselecao.com.br\/index.php\/2025\/02\/02\/sao-jose-wrestling-promove-treino-especial-no-teatrao\/"},"modified":"2025-02-02T09:01:01","modified_gmt":"2025-02-02T12:01:01","slug":"sao-jose-wrestling-promove-treino-especial-no-teatrao","status":"publish","type":"post","link":"https:\/\/euvivoaselecao.com.br\/index.php\/2025\/02\/02\/sao-jose-wrestling-promove-treino-especial-no-teatrao\/","title":{"rendered":"S\u00e3o Jos\u00e9 Wrestling promove treino especial no Teatr\u00e3o"},"content":{"rendered":"<p><\/p>\n<div>\n<p><b>Nei Jos\u00e9 Sant&#8217;Anna<\/b><br \/>&#13;<br \/>\n&#13;<br \/>\n                <span style=\"font-weight: bold;\">Secretaria de Esporte e Qualidade de Vida<\/span><\/p>\n<p>O S\u00e3o Jos\u00e9 Wrestling\/Atleta Cidad\u00e3o promoveu um treino especial nesta quinta-feira (30), que reuniu atletas de diferentes cidades para uma experi\u00eancia de aprendizado e interc\u00e2mbio esportivo. O evento, realizado no gin\u00e1sio do Teatr\u00e3o, contou com a participa\u00e7\u00e3o de lutadores do Sesi, Cubat\u00e3o e Osasco, fortalecendo o desenvolvimento da modalidade na regi\u00e3o.<\/p>\n<p>A iniciativa permitiu que os jovens atletas vivenciassem novas din\u00e2micas de treino, enfrentassem advers\u00e1rios diferentes e ampliassem seus conhecimentos t\u00e9cnicos.<\/p>\n<p>\u201cA realiza\u00e7\u00e3o deste treino especial refor\u00e7a o compromisso da equipe com o desenvolvimento da modalidade, proporcionando experi\u00eancias enriquecedoras para todos os participantes\u201d, disse Brenda Aguiar, coordenadora da modalidade do Programa Atleta Cidad\u00e3o.<\/p>\n<p>O pr\u00f3ximo compromisso do S\u00e3o Jos\u00e9 Wrestling na temporada que se inicia \u00e9 o treinamento em Cubat\u00e3o, com as presen\u00e7as de atletas do Paraguai e Venezuela, no dia 6 de fevereiro.<\/p>\n<p>J\u00e1 no dia 15 de fevereiro a equipe disputa sua primeira competi\u00e7\u00e3o no ano, o Brasileiro Interclubes U15 e U23, em Niter\u00f3i, no Rio, que ter\u00e1 a presen\u00e7a dos atletas das equipes do Atleta Cidad\u00e3o e do alto rendimento.<\/p>\n<p>\u00a0<\/p>\n<p>\u00a0<\/p>\n<p>&#13;<br \/>\n                        <strong>MAIS NOT\u00cdCIAS<\/strong><br \/>&#13;<br \/>\n                        Secretaria de Esporte e Qualidade de Vida&#13;\n                    <\/p>\n<\/p><\/div>\n","protected":false},"excerpt":{"rendered":"<p>Nei Jos\u00e9 Sant&#8217;Anna&#13; &#13; Secretaria de Esporte e Qualidade de Vida O S\u00e3o Jos\u00e9 Wrestling\/Atleta Cidad\u00e3o promoveu um treino especial<\/p>\n","protected":false},"author":1,"featured_media":0,"comment_status":"","ping_status":"","sticky":false,"template":"","format":"standard","meta":{"colormag_page_container_layout":"default_layout","colormag_page_sidebar_layout":"default_layout","footnotes":""},"categories":[1],"tags":[],"class_list":["post-39892","post","type-post","status-publish","format-standard","hentry","category-sem-categoria"],"_links":{"self":[{"href":"https:\/\/euvivoaselecao.com.br\/index.php\/wp-json\/wp\/v2\/posts\/39892","targetHints":{"allow":["GET"]}}],"collection":[{"href":"https:\/\/euvivoaselecao.com.br\/index.php\/wp-json\/wp\/v2\/posts"}],"about":[{"href":"https:\/\/euvivoaselecao.com.br\/index.php\/wp-json\/wp\/v2\/types\/post"}],"author":[{"embeddable":true,"href":"https:\/\/euvivoaselecao.com.br\/index.php\/wp-json\/wp\/v2\/users\/1"}],"replies":[{"embeddable":true,"href":"https:\/\/euvivoaselecao.com.br\/index.php\/wp-json\/wp\/v2\/comments?post=39892"}],"version-history":[{"count":0,"href":"https:\/\/euvivoaselecao.com.br\/index.php\/wp-json\/wp\/v2\/posts\/39892\/revisions"}],"wp:attachment":[{"href":"https:\/\/euvivoaselecao.com.br\/index.php\/wp-json\/wp\/v2\/media?parent=39892"}],"wp:term":[{"taxonomy":"category","embeddable":true,"href":"https:\/\/euvivoaselecao.com.br\/index.php\/wp-json\/wp\/v2\/categories?post=39892"},{"taxonomy":"post_tag","embeddable":true,"href":"https:\/\/euvivoaselecao.com.br\/index.php\/wp-json\/wp\/v2\/tags?post=39892"}],"curies":[{"name":"wp","href":"https:\/\/api.w.org\/{rel}","templated":true}]}}