{"id":39928,"date":"2025-02-02T18:11:13","date_gmt":"2025-02-02T21:11:13","guid":{"rendered":"https:\/\/euvivoaselecao.com.br\/index.php\/2025\/02\/02\/nova-empresa-assume-linhas-intermunicipais-no-alto-vale-a-partir-desta-segunda-feira\/"},"modified":"2025-02-02T18:11:13","modified_gmt":"2025-02-02T21:11:13","slug":"nova-empresa-assume-linhas-intermunicipais-no-alto-vale-a-partir-desta-segunda-feira","status":"publish","type":"post","link":"https:\/\/euvivoaselecao.com.br\/index.php\/2025\/02\/02\/nova-empresa-assume-linhas-intermunicipais-no-alto-vale-a-partir-desta-segunda-feira\/","title":{"rendered":"Nova empresa assume linhas intermunicipais no Alto Vale a partir desta segunda-feira"},"content":{"rendered":"<p><\/p>\n<div>\n<p><em>Foto: Mauricio Vieira \/ Arquivo \/ SECOM<\/em><\/p>\n<p>A Secretaria da Infraestrutura e Mobilidade (SIE) informa que, a partir desta segunda-feira, 3 de fevereiro, a empresa de transportes LDL Turismo estar\u00e1 operando as linhas intermunicipais regulares relacionadas abaixo. <\/p>\n<p>O Departamento Jur\u00eddico da SIE e o setor de Transportes da secretaria trabalharam durante todo o fim de semana, por determina\u00e7\u00e3o do secret\u00e1rio Jerry Comper, para que a popula\u00e7\u00e3o n\u00e3o ficasse sem transporte na regi\u00e3o. Isso porque a empresa que at\u00e9 ent\u00e3o operava as linhas regulares s\u00f3 formalizou o desejo n\u00e3o renovar o contrato nos termos atuais na sexta-feira.<\/p>\n<p>Segue abaixo a rela\u00e7\u00e3o das linhas e hor\u00e1rios a serem operados pela LDL:<\/p>\n<ul>\n<li>Linha 7-0 Presidente Get\u00falio \/ Blumenau<br \/>Partidas de Presidente Get\u00falio \u00e0s 05:30 e 11:00h de Segunda \u00e0 Sexta Feira<br \/>Partidas de Blumenau \u00e0s 06:45 e 11:30h de Segunda \u00e0 Sexta Feira<\/li>\n<li>Linha 7-3 Timb\u00f3 \/ Presidente Get\u00falio<br \/>Partidas de Presidente Get\u00falio \u00e0s 15:30 hs de Segunda \u00e0 Sexta Feira<br \/>Partidas de Timb\u00f3 \u00e0s 18:00h de Segunda \u00e0 Sexta Feira<\/li>\n<li>Linha 144-0 Blumenau \/ Dr. Pedrinho<br \/>Partidas de Dr. Pedrinho \u00e0s 05:15 h de Segunda \u00e0 sexta-feira \u2018\u2019<br \/>Partidas de Blumenau \u00e0s 08:15h de Segunda \u00e0 Sexta Feira<\/li>\n<li>Linha 144-3 Timb\u00f3 \/ Dr. Pedrinho<br \/>Partidas de Timb\u00f3 \u00e0s 05:00 \u2013 07:15 \u2013 11:30 \u2013 13:45 \u2013 18:30 e 23:00h de Segunda \u00e0 Sexta Feira<br \/>Partidas de Dr. Pedrinho \u00e0s 04:00 \u2013 06:00 \u2013 08:15 \u2013 11:50- 13:45 e 19:30h de Seg. \u00e0 Sexta Feria<\/li>\n<li>Linha 6-0 Presidente Get\u00falio \/ Rio do Sul<br \/>Partidas de Presidente Get\u00falio \u00e0s 06:00 e 16:30h de Segunda \u00e0 Sexta Feira<br \/>Partidas de Rio do Sul \u00e0s 08:00 e 18:00h de Segunda \u00e0 Sexta Feira<\/li>\n<li>Linha 421-0 Timb\u00f3 \/ Blumenau<br \/>Partidas de Timb\u00f3 \u00e0s 05:30 \u2013 12:00 e 17:30h de Segunda \u00e0 Sexta Feira<br \/>Partidas de Blumenau \u00e0s 13:20 \u2013 17:10 e 22:05h de Segunda \u00e0 Sexta Feira<\/li>\n<\/ul><\/div>\n","protected":false},"excerpt":{"rendered":"<p>Foto: Mauricio Vieira \/ Arquivo \/ SECOM A Secretaria da Infraestrutura e Mobilidade (SIE) informa que, a partir desta segunda-feira,<\/p>\n","protected":false},"author":1,"featured_media":0,"comment_status":"","ping_status":"","sticky":false,"template":"","format":"standard","meta":{"colormag_page_container_layout":"default_layout","colormag_page_sidebar_layout":"default_layout","footnotes":""},"categories":[1],"tags":[],"class_list":["post-39928","post","type-post","status-publish","format-standard","hentry","category-sem-categoria"],"_links":{"self":[{"href":"https:\/\/euvivoaselecao.com.br\/index.php\/wp-json\/wp\/v2\/posts\/39928","targetHints":{"allow":["GET"]}}],"collection":[{"href":"https:\/\/euvivoaselecao.com.br\/index.php\/wp-json\/wp\/v2\/posts"}],"about":[{"href":"https:\/\/euvivoaselecao.com.br\/index.php\/wp-json\/wp\/v2\/types\/post"}],"author":[{"embeddable":true,"href":"https:\/\/euvivoaselecao.com.br\/index.php\/wp-json\/wp\/v2\/users\/1"}],"replies":[{"embeddable":true,"href":"https:\/\/euvivoaselecao.com.br\/index.php\/wp-json\/wp\/v2\/comments?post=39928"}],"version-history":[{"count":0,"href":"https:\/\/euvivoaselecao.com.br\/index.php\/wp-json\/wp\/v2\/posts\/39928\/revisions"}],"wp:attachment":[{"href":"https:\/\/euvivoaselecao.com.br\/index.php\/wp-json\/wp\/v2\/media?parent=39928"}],"wp:term":[{"taxonomy":"category","embeddable":true,"href":"https:\/\/euvivoaselecao.com.br\/index.php\/wp-json\/wp\/v2\/categories?post=39928"},{"taxonomy":"post_tag","embeddable":true,"href":"https:\/\/euvivoaselecao.com.br\/index.php\/wp-json\/wp\/v2\/tags?post=39928"}],"curies":[{"name":"wp","href":"https:\/\/api.w.org\/{rel}","templated":true}]}}