{"id":40015,"date":"2025-02-04T13:51:49","date_gmt":"2025-02-04T16:51:49","guid":{"rendered":"https:\/\/euvivoaselecao.com.br\/index.php\/2025\/02\/04\/revitalizacao-avanca-pela-rua-29-de-maio-e-chega-ao-centro-de-bonito-prefeitura-municipal-de-bonito\/"},"modified":"2025-02-04T13:51:49","modified_gmt":"2025-02-04T16:51:49","slug":"revitalizacao-avanca-pela-rua-29-de-maio-e-chega-ao-centro-de-bonito-prefeitura-municipal-de-bonito","status":"publish","type":"post","link":"https:\/\/euvivoaselecao.com.br\/index.php\/2025\/02\/04\/revitalizacao-avanca-pela-rua-29-de-maio-e-chega-ao-centro-de-bonito-prefeitura-municipal-de-bonito\/","title":{"rendered":"Revitaliza\u00e7\u00e3o avan\u00e7a pela Rua 29 de Maio e chega ao centro de Bonito &#8211; Prefeitura Municipal de Bonito"},"content":{"rendered":"<p><\/p>\n<div>\n<div class=\"td-post-featured-image\"><\/div>\n<p>As obras de revitaliza\u00e7\u00e3o da infraestrutura urbana de Bonito seguem em execu\u00e7\u00e3o, com os servi\u00e7os avan\u00e7ando pela Rua 29 de Maio. Iniciadas na Avenida Heron do Couto, as obras continuam em dire\u00e7\u00e3o ao centro da cidade, abrangendo a Rua Cel. Pil\u00e1d Rebu\u00e1 e suas vias adjacentes.<\/p>\n<p>O investimento total \u00e9 de R$ 9.582.355,81, com recursos do Minist\u00e9rio da Defesa, viabilizados por emenda parlamentar do senador Nelson Trad Filho. A empresa respons\u00e1vel pela execu\u00e7\u00e3o da obra \u00e9 a Infra S.A., uma empresa p\u00fablica federal especializada em infraestrutura, com foco na presta\u00e7\u00e3o de servi\u00e7os de planejamento, estrutura\u00e7\u00e3o de projetos, engenharia e inova\u00e7\u00e3o para o setor de transportes.<\/p>\n<p>O projeto inclui a restaura\u00e7\u00e3o funcional do pavimento (recapeamento), a constru\u00e7\u00e3o de uma ciclovia ao longo de toda a extens\u00e3o da obra, al\u00e9m de arboriza\u00e7\u00e3o e pergolados com bancos e espa\u00e7os para lazer. As melhorias visam modernizar a infraestrutura vi\u00e1ria, proporcionando mais seguran\u00e7a, acessibilidade e conforto para moradores e visitantes.<\/p>\n<\/p><\/div>\n","protected":false},"excerpt":{"rendered":"<p>As obras de revitaliza\u00e7\u00e3o da infraestrutura urbana de Bonito seguem em execu\u00e7\u00e3o, com os servi\u00e7os avan\u00e7ando pela Rua 29 de<\/p>\n","protected":false},"author":1,"featured_media":0,"comment_status":"","ping_status":"","sticky":false,"template":"","format":"standard","meta":{"colormag_page_container_layout":"default_layout","colormag_page_sidebar_layout":"default_layout","footnotes":""},"categories":[1],"tags":[],"class_list":["post-40015","post","type-post","status-publish","format-standard","hentry","category-sem-categoria"],"_links":{"self":[{"href":"https:\/\/euvivoaselecao.com.br\/index.php\/wp-json\/wp\/v2\/posts\/40015","targetHints":{"allow":["GET"]}}],"collection":[{"href":"https:\/\/euvivoaselecao.com.br\/index.php\/wp-json\/wp\/v2\/posts"}],"about":[{"href":"https:\/\/euvivoaselecao.com.br\/index.php\/wp-json\/wp\/v2\/types\/post"}],"author":[{"embeddable":true,"href":"https:\/\/euvivoaselecao.com.br\/index.php\/wp-json\/wp\/v2\/users\/1"}],"replies":[{"embeddable":true,"href":"https:\/\/euvivoaselecao.com.br\/index.php\/wp-json\/wp\/v2\/comments?post=40015"}],"version-history":[{"count":0,"href":"https:\/\/euvivoaselecao.com.br\/index.php\/wp-json\/wp\/v2\/posts\/40015\/revisions"}],"wp:attachment":[{"href":"https:\/\/euvivoaselecao.com.br\/index.php\/wp-json\/wp\/v2\/media?parent=40015"}],"wp:term":[{"taxonomy":"category","embeddable":true,"href":"https:\/\/euvivoaselecao.com.br\/index.php\/wp-json\/wp\/v2\/categories?post=40015"},{"taxonomy":"post_tag","embeddable":true,"href":"https:\/\/euvivoaselecao.com.br\/index.php\/wp-json\/wp\/v2\/tags?post=40015"}],"curies":[{"name":"wp","href":"https:\/\/api.w.org\/{rel}","templated":true}]}}