{"id":40019,"date":"2025-02-04T15:11:26","date_gmt":"2025-02-04T18:11:26","guid":{"rendered":"https:\/\/euvivoaselecao.com.br\/index.php\/2025\/02\/04\/procuradoria-geral-do-municipio-realiza-integracao-e-capacitacao-de-procuradores-e-advogados-agencia-de-noticias\/"},"modified":"2025-02-04T15:11:26","modified_gmt":"2025-02-04T18:11:26","slug":"procuradoria-geral-do-municipio-realiza-integracao-e-capacitacao-de-procuradores-e-advogados-agencia-de-noticias","status":"publish","type":"post","link":"https:\/\/euvivoaselecao.com.br\/index.php\/2025\/02\/04\/procuradoria-geral-do-municipio-realiza-integracao-e-capacitacao-de-procuradores-e-advogados-agencia-de-noticias\/","title":{"rendered":"Procuradoria-Geral do Munic\u00edpio realiza integra\u00e7\u00e3o e capacita\u00e7\u00e3o de procuradores e advogados \u2013 Ag\u00eancia de Not\u00edcias"},"content":{"rendered":"<p><\/p>\n<div wp_automatic_readability=\"31\">\n<div class=\"col\" wp_automatic_readability=\"7\">\n<p class=\"mt-0\">\n                        <strong><br \/>\n                            <span class=\"far fa-calendar mr-1 mt-2\"\/><br \/>\n                            4 de fevereiro de 2025<br \/>\n                            <span class=\"far fa-clock ml-3 mt-2\"\/><br \/>\n                            14:06<br \/>\n                        <\/strong>\n                    <\/p>\n<p class=\"mb-0\">Por: <strong>Ver\u00f4nica Ferreira<\/strong><\/p>\n<\/p><\/div>\n<\/p><\/div>\n<div wp_automatic_readability=\"98.125266297401\">\n<p><em>Fotos: Michelle Alves\/ Secom<\/em><\/p>\n<p align=\"justify\">Organizado pela Secretaria Jur\u00eddica (SEJ) da Prefeitura de Sorocaba, por meio da Procuradoria-Geral do Munic\u00edpio (PGM), o evento \u201cConstruindo Pontes: Capacita\u00e7\u00e3o e Integra\u00e7\u00e3o da PGM Sorocaba\u201d come\u00e7ou nesta ter\u00e7a-feira (4), no Audit\u00f3rio da OAB Sorocaba. A abertura, com a palestra \u201cIntegra\u00e7\u00e3o institucional e apresenta\u00e7\u00e3o da PGM\u201d, marcou as boas-vindas aos novos procuradores do Munic\u00edpio.<\/p>\n<p align=\"justify\">A iniciativa \u00e9 direcionada aos procuradores da Prefeitura de Sorocaba, Servi\u00e7o Aut\u00f4nomo de \u00c1gua e Esgoto de Sorocaba (Saae), Funserv, Parque Tecnol\u00f3gico, C\u00e2mara Municipal e Urbes \u2013 Tr\u00e2nsito e Transportes. E tamb\u00e9m aos advogados da Advocacia-Geral da Uni\u00e3o (AGU) de Sorocaba, Procuradoria-Geral do Estado \u2013 Regional Sorocaba e Procuradoria-Geral de Votorantim.<\/p>\n<p align=\"justify\">O secret\u00e1rio Jur\u00eddico (SEJ) de Sorocaba, Dr. Douglas Domingos de Moraes, cumprimentou os novos procuradores, dando in\u00edcio \u00e0 programa\u00e7\u00e3o do evento. \u201cA nossa fun\u00e7\u00e3o \u00e9 encontrar caminhos e solu\u00e7\u00f5es para viabilizar projetos jur\u00eddicos aos \u00f3rg\u00e3os e secretarias municipais, al\u00e9m de ser respons\u00e1vel pela representa\u00e7\u00e3o judicial e extrajudicial do Munic\u00edpio\u201d, explicou.<\/p>\n<p align=\"justify\">Dentre os palestrantes confirmados est\u00e3o a professora Dra. Irene Nohara, Livre-docente em Direito Administrativo pela Universidade de S\u00e3o Paulo (USP), e o urbanista e professor Marco Massari, al\u00e9m das procuradoras do Munic\u00edpio, Juliana Souza e Paula Altenfelder, e os procuradores do Munic\u00edpio, Celso Barcelli e Lucas Degrande.<\/p>\n<p align=\"justify\">A programa\u00e7\u00e3o acontece at\u00e9 sexta-feira (7), com palestras na OAB Sorocaba e no Pa\u00e7o Municipal. Confira:<\/p>\n<p><strong>Data: 5\/2 (quarta-feira)<\/strong><\/p>\n<p>Local: Audit\u00f3rio da OAB Sorocaba.<\/p>\n<p>\u2013 As chaves da Nova Era do Direito Administrativo Brasileiro: Inova\u00e7\u00e3o, experimenta\u00e7\u00e3o e mudan\u00e7a;<\/p>\n<p>\u2013 Diretrizes de Padroniza\u00e7\u00e3o de Documentos e Identidade Visual da PGM.<\/p>\n<p><strong>Data: 6\/2 (quinta-feira)<\/strong><\/p>\n<p>Local: Pa\u00e7o Municipal (Sala de Licita\u00e7\u00f5es).<\/p>\n<p>\u2013 Capacita\u00e7\u00e3o dos sistemas SEI e CECAM;<\/p>\n<p>\u2013 Do Estatuto da Cidade \u00e0 Realidade Local: Desafios do Planejamento Urbano.<\/p>\n<p><strong>Data: 7\/2 (sexta-feira)<\/strong><\/p>\n<p>Local: Audit\u00f3rio da OAB Sorocaba.<\/p>\n<p>\u2013 Intelig\u00eancia Artificial no Direito: Regulamenta\u00e7\u00e3o e inova\u00e7\u00e3o tecnol\u00f3gica com enfoque \u00e0s atividades exercidas pela Procuradoria;<\/p>\n<p>\u2013 Sess\u00e3o de Encerramento.<\/p>\n<p>\u00a0<\/p>\n<p>Programa\u00e7\u00e3o completa \u2013 Capacita\u00e7\u00e3o PGM<\/p>\n<p><!-- Root element of PhotoSwipe. Must have class pswp. --><\/p><\/div>\n","protected":false},"excerpt":{"rendered":"<p>4 de fevereiro de 2025 14:06 Por: Ver\u00f4nica Ferreira Fotos: Michelle Alves\/ Secom Organizado pela Secretaria Jur\u00eddica (SEJ) da Prefeitura<\/p>\n","protected":false},"author":1,"featured_media":0,"comment_status":"","ping_status":"","sticky":false,"template":"","format":"standard","meta":{"colormag_page_container_layout":"default_layout","colormag_page_sidebar_layout":"default_layout","footnotes":""},"categories":[1],"tags":[],"class_list":["post-40019","post","type-post","status-publish","format-standard","hentry","category-sem-categoria"],"_links":{"self":[{"href":"https:\/\/euvivoaselecao.com.br\/index.php\/wp-json\/wp\/v2\/posts\/40019","targetHints":{"allow":["GET"]}}],"collection":[{"href":"https:\/\/euvivoaselecao.com.br\/index.php\/wp-json\/wp\/v2\/posts"}],"about":[{"href":"https:\/\/euvivoaselecao.com.br\/index.php\/wp-json\/wp\/v2\/types\/post"}],"author":[{"embeddable":true,"href":"https:\/\/euvivoaselecao.com.br\/index.php\/wp-json\/wp\/v2\/users\/1"}],"replies":[{"embeddable":true,"href":"https:\/\/euvivoaselecao.com.br\/index.php\/wp-json\/wp\/v2\/comments?post=40019"}],"version-history":[{"count":0,"href":"https:\/\/euvivoaselecao.com.br\/index.php\/wp-json\/wp\/v2\/posts\/40019\/revisions"}],"wp:attachment":[{"href":"https:\/\/euvivoaselecao.com.br\/index.php\/wp-json\/wp\/v2\/media?parent=40019"}],"wp:term":[{"taxonomy":"category","embeddable":true,"href":"https:\/\/euvivoaselecao.com.br\/index.php\/wp-json\/wp\/v2\/categories?post=40019"},{"taxonomy":"post_tag","embeddable":true,"href":"https:\/\/euvivoaselecao.com.br\/index.php\/wp-json\/wp\/v2\/tags?post=40019"}],"curies":[{"name":"wp","href":"https:\/\/api.w.org\/{rel}","templated":true}]}}