{"id":40043,"date":"2025-02-04T20:17:37","date_gmt":"2025-02-04T23:17:37","guid":{"rendered":"https:\/\/euvivoaselecao.com.br\/index.php\/2025\/02\/04\/feira-movel-do-produtor-visita-varios-bairros-de-joao-pessoa-no-mes-de-fevereiro\/"},"modified":"2025-02-04T20:17:37","modified_gmt":"2025-02-04T23:17:37","slug":"feira-movel-do-produtor-visita-varios-bairros-de-joao-pessoa-no-mes-de-fevereiro","status":"publish","type":"post","link":"https:\/\/euvivoaselecao.com.br\/index.php\/2025\/02\/04\/feira-movel-do-produtor-visita-varios-bairros-de-joao-pessoa-no-mes-de-fevereiro\/","title":{"rendered":"Feira M\u00f3vel do Produtor visita v\u00e1rios bairros de Jo\u00e3o Pessoa no m\u00eas de fevereiro"},"content":{"rendered":"<p><\/p>\n<div>\n<p>A Secretaria de Desenvolvimento Urbano de Jo\u00e3o Pessoa (Sedurb) divulgou a programa\u00e7\u00e3o da Feira M\u00f3vel do Produtor referente ao m\u00eas de fevereiro. De acordo com o calend\u00e1rio, a iniciativa acontece, nesta quarta-feira (5), em dois pontos da cidade de forma simult\u00e2nea: Ponto de Cem R\u00e9is (Centro), das 9h \u00e0s 16h, e no Largo de Tamba\u00fa (Busto de Tamandar\u00e9), das 15h \u00e0s 22h.<\/p>\n<figure class=\"wp-block-gallery has-nested-images columns-default is-cropped wp-block-gallery-1 is-layout-flex wp-block-gallery-is-layout-flex\">\n<figure class=\"wp-block-image size-large\"><\/figure>\n<figure class=\"wp-block-image size-large\"><\/figure>\n<\/figure>\n<p>De acordo com Rodrigo Trigueiro, secret\u00e1rio de Desenvolvimento Urbano, a Feira M\u00f3vel inicia o m\u00eas com a perspectiva de ampliar ainda mais as vendas e aquecer a economia local, com a oferta de produtos variados, de qualidade e com pre\u00e7os competitivos. \u201cEsse \u00e9 o grande diferencial da Feira M\u00f3vel. Al\u00e9m da qualidade e variedade dos produtos, o consumidor sabe que os pre\u00e7os praticados s\u00e3o acess\u00edveis, quando comparados aos pontos de venda tradicionais\u201d, destacou.<\/p>\n<figure class=\"wp-block-gallery has-nested-images columns-default is-cropped wp-block-gallery-2 is-layout-flex wp-block-gallery-is-layout-flex\">\n<figure class=\"wp-block-image size-large\"><\/figure>\n<figure class=\"wp-block-image size-large\"><\/figure>\n<figure class=\"wp-block-image size-large\"><\/figure>\n<\/figure>\n<p>A Feira M\u00f3vel do Produtor faz parte do cotidiano da popula\u00e7\u00e3o pelos diversos bairros por onde passa e j\u00e1 ajudou a mudar a vida de cerca de 90 microempreendedores e trabalhadores rurais. \u201cO que nos deixa felizes \u00e9 saber que esse n\u00famero s\u00f3 cresce, o que mostra o sucesso da iniciativa da Sedurb\u201d, disse Rodrigo Trigueiro.<\/p>\n<p>Programa\u00e7\u00e3o do m\u00eas de fevereiro:<\/p>\n<p>Dias: 5, 6 e 7<br \/>Local: Ponto de Cem R\u00e9is (Centro)<br \/>Hor\u00e1rio: 9h \u00e0s 16h<\/p>\n<p>Dias: 5 e 6<br \/>Local: Busto de Tamandar\u00e9 (Largo de Tamba\u00fa)<br \/>Hor\u00e1rio:15h \u00e0s 22h<\/p>\n<p>Dias: 6, 13, 20 e 27<br \/>Local: Parque Parahyba II (Bessa)<br \/>Hor\u00e1rio: 15h \u00e0s 20h<\/p>\n<p>Dias: 11,18 e 25<br \/>Local: UFPB \u2013 CE (Pra\u00e7a da Identidade) \u2013 Castelo Branco<br \/>Hor\u00e1rio: 10h \u00e0s 19h<\/p>\n<p>Dias: 11,18 e 25<br \/>Local: Vila Ol\u00edmpica Para\u00edba \u2013 Bairro dos Estados<br \/>Hor\u00e1rio: 15h \u00e0s 20h<\/p>\n<p>Dias: 11,18 e 25<br \/>Local: Parque Parahyba I (Bessa)<br \/>Hor\u00e1rio:15h \u00e0s 20h<\/p>\n<p>Dias: 13, 14 e 15<br \/>Local: Parque Solon de Lucena (Lagoa) \u2013 Centro<br \/>Hor\u00e1rio: 9 \u00e0s 16h<\/p>\n<\/p><\/div>\n","protected":false},"excerpt":{"rendered":"<p>A Secretaria de Desenvolvimento Urbano de Jo\u00e3o Pessoa (Sedurb) divulgou a programa\u00e7\u00e3o da Feira M\u00f3vel do Produtor referente ao m\u00eas<\/p>\n","protected":false},"author":1,"featured_media":0,"comment_status":"","ping_status":"","sticky":false,"template":"","format":"standard","meta":{"colormag_page_container_layout":"default_layout","colormag_page_sidebar_layout":"default_layout","footnotes":""},"categories":[1],"tags":[],"class_list":["post-40043","post","type-post","status-publish","format-standard","hentry","category-sem-categoria"],"_links":{"self":[{"href":"https:\/\/euvivoaselecao.com.br\/index.php\/wp-json\/wp\/v2\/posts\/40043","targetHints":{"allow":["GET"]}}],"collection":[{"href":"https:\/\/euvivoaselecao.com.br\/index.php\/wp-json\/wp\/v2\/posts"}],"about":[{"href":"https:\/\/euvivoaselecao.com.br\/index.php\/wp-json\/wp\/v2\/types\/post"}],"author":[{"embeddable":true,"href":"https:\/\/euvivoaselecao.com.br\/index.php\/wp-json\/wp\/v2\/users\/1"}],"replies":[{"embeddable":true,"href":"https:\/\/euvivoaselecao.com.br\/index.php\/wp-json\/wp\/v2\/comments?post=40043"}],"version-history":[{"count":0,"href":"https:\/\/euvivoaselecao.com.br\/index.php\/wp-json\/wp\/v2\/posts\/40043\/revisions"}],"wp:attachment":[{"href":"https:\/\/euvivoaselecao.com.br\/index.php\/wp-json\/wp\/v2\/media?parent=40043"}],"wp:term":[{"taxonomy":"category","embeddable":true,"href":"https:\/\/euvivoaselecao.com.br\/index.php\/wp-json\/wp\/v2\/categories?post=40043"},{"taxonomy":"post_tag","embeddable":true,"href":"https:\/\/euvivoaselecao.com.br\/index.php\/wp-json\/wp\/v2\/tags?post=40043"}],"curies":[{"name":"wp","href":"https:\/\/api.w.org\/{rel}","templated":true}]}}