{"id":40069,"date":"2025-02-05T01:55:45","date_gmt":"2025-02-05T04:55:45","guid":{"rendered":"https:\/\/euvivoaselecao.com.br\/index.php\/2025\/02\/05\/fiscalizacao-treina-policiais-para-atuacao-no-comercio\/"},"modified":"2025-02-05T01:55:45","modified_gmt":"2025-02-05T04:55:45","slug":"fiscalizacao-treina-policiais-para-atuacao-no-comercio","status":"publish","type":"post","link":"https:\/\/euvivoaselecao.com.br\/index.php\/2025\/02\/05\/fiscalizacao-treina-policiais-para-atuacao-no-comercio\/","title":{"rendered":"Fiscaliza\u00e7\u00e3o treina policiais para atua\u00e7\u00e3o no com\u00e9rcio"},"content":{"rendered":"<p><\/p>\n<div>\n<p><b>Paula Paz<\/b><br \/>&#13;<br \/>\n&#13;<br \/>\n                <span style=\"font-weight: bold;\">Secretaria de Prote\u00e7\u00e3o ao Cidad\u00e3o<\/span><\/p>\n<p><span style=\"font-weight: 400;\">Na manh\u00e3 desta ter\u00e7a-feira (4) Policiais Militares dos Batalh\u00f5es do Comando de Policiamento do Interior 1, participaram de um curso de capacita\u00e7\u00e3o ministrado por Fiscais de Postura. O treinamento teve como foco a fiscaliza\u00e7\u00e3o de estabelecimentos comerciais, dentro das a\u00e7\u00f5es da Atividade Delegada.<\/span><\/p>\n<p><span style=\"font-weight: 400;\">Promovido pelo Departamento de Fiscaliza\u00e7\u00e3o da Prefeitura de S\u00e3o Jos\u00e9 dos Campos, o curso inclui aulas te\u00f3ricas e exerc\u00edcios pr\u00e1ticos sobre legisla\u00e7\u00f5es municipais, como a nova Lei de Fiscaliza\u00e7\u00e3o de Posturas e a Lei do Sossego.<\/span><\/p>\n<p><span style=\"font-weight: 400;\">Ap\u00f3s a capacita\u00e7\u00e3o, os policiais estar\u00e3o aptos a fiscalizar com\u00e9rcios, combater perturba\u00e7\u00f5es ao sossego p\u00fablico e coibir irregularidades no com\u00e9rcio ambulante, contribuindo para a manuten\u00e7\u00e3o da ordem urbana.<\/span><\/p>\n<h3><span class=\"intertitulo\"><strong>O que \u00e9 a Atividade Delegada?<\/strong><\/span><\/h3>\n<p><span style=\"font-weight: 400;\">A Atividade Delegada \u00e9 um conv\u00eanio entre a Prefeitura e a Secretaria de Seguran\u00e7a P\u00fablica do Estado de S\u00e3o Paulo, regulamentado pelas leis municipais 9.515\/2017 e 9.569\/2017. O programa permite que Policiais Militares atuem, durante dias de folga, em a\u00e7\u00f5es complementares de seguran\u00e7a p\u00fablica sob a gest\u00e3o do munic\u00edpio.<\/span><\/p>\n<p><span style=\"font-weight: 400;\">Dentre as principais atribui\u00e7\u00f5es est\u00e3o a fiscaliza\u00e7\u00e3o do com\u00e9rcio irregular e o combate \u00e0 perturba\u00e7\u00e3o do sossego, al\u00e9m de outras atividades de ordenamento urbano. Retomado em setembro de 2017, o programa refor\u00e7a a seguran\u00e7a e a qualidade de vida na cidade.<\/span><\/p>\n<p><span style=\"font-weight: 400;\">A Prefeitura disponibiliza para a Atividade Delegada oito viaturas \u2014 incluindo carros 100% el\u00e9tricos, similares aos da GCM &#8211; e motocicletas, assim como a manuten\u00e7\u00e3o desses ve\u00edculos. As a\u00e7\u00f5es s\u00e3o realizadas em conjunto com fiscais do DFPM (Departamento de Fiscaliza\u00e7\u00e3o e Posturas Municipais) e profissionais de Apoio Social.<\/span><\/p>\n<p><span style=\"font-weight: 400;\">Os policiais empregados na Atividade Delegada podem cumprir jornadas de 8 a 12 horas di\u00e1rias, respeitando o limite m\u00e1ximo de 80 horas mensais.<\/span><\/p>\n<p>&#13;<br \/>\n                        <strong>MAIS NOT\u00cdCIAS<\/strong><br \/>&#13;<br \/>\n                        Secretaria de Prote\u00e7\u00e3o ao Cidad\u00e3o&#13;\n                    <\/p>\n<\/p><\/div>\n","protected":false},"excerpt":{"rendered":"<p>Paula Paz&#13; &#13; Secretaria de Prote\u00e7\u00e3o ao Cidad\u00e3o Na manh\u00e3 desta ter\u00e7a-feira (4) Policiais Militares dos Batalh\u00f5es do Comando de<\/p>\n","protected":false},"author":1,"featured_media":0,"comment_status":"","ping_status":"","sticky":false,"template":"","format":"standard","meta":{"colormag_page_container_layout":"default_layout","colormag_page_sidebar_layout":"default_layout","footnotes":""},"categories":[1],"tags":[],"class_list":["post-40069","post","type-post","status-publish","format-standard","hentry","category-sem-categoria"],"_links":{"self":[{"href":"https:\/\/euvivoaselecao.com.br\/index.php\/wp-json\/wp\/v2\/posts\/40069","targetHints":{"allow":["GET"]}}],"collection":[{"href":"https:\/\/euvivoaselecao.com.br\/index.php\/wp-json\/wp\/v2\/posts"}],"about":[{"href":"https:\/\/euvivoaselecao.com.br\/index.php\/wp-json\/wp\/v2\/types\/post"}],"author":[{"embeddable":true,"href":"https:\/\/euvivoaselecao.com.br\/index.php\/wp-json\/wp\/v2\/users\/1"}],"replies":[{"embeddable":true,"href":"https:\/\/euvivoaselecao.com.br\/index.php\/wp-json\/wp\/v2\/comments?post=40069"}],"version-history":[{"count":0,"href":"https:\/\/euvivoaselecao.com.br\/index.php\/wp-json\/wp\/v2\/posts\/40069\/revisions"}],"wp:attachment":[{"href":"https:\/\/euvivoaselecao.com.br\/index.php\/wp-json\/wp\/v2\/media?parent=40069"}],"wp:term":[{"taxonomy":"category","embeddable":true,"href":"https:\/\/euvivoaselecao.com.br\/index.php\/wp-json\/wp\/v2\/categories?post=40069"},{"taxonomy":"post_tag","embeddable":true,"href":"https:\/\/euvivoaselecao.com.br\/index.php\/wp-json\/wp\/v2\/tags?post=40069"}],"curies":[{"name":"wp","href":"https:\/\/api.w.org\/{rel}","templated":true}]}}