{"id":40427,"date":"2025-02-08T19:20:07","date_gmt":"2025-02-08T22:20:07","guid":{"rendered":"https:\/\/euvivoaselecao.com.br\/index.php\/2025\/02\/08\/porto-de-sao-francisco-recebe-representante-do-ministerio-dos-transportes-para-debater-obras-da-br-280\/"},"modified":"2025-02-08T19:20:07","modified_gmt":"2025-02-08T22:20:07","slug":"porto-de-sao-francisco-recebe-representante-do-ministerio-dos-transportes-para-debater-obras-da-br-280","status":"publish","type":"post","link":"https:\/\/euvivoaselecao.com.br\/index.php\/2025\/02\/08\/porto-de-sao-francisco-recebe-representante-do-ministerio-dos-transportes-para-debater-obras-da-br-280\/","title":{"rendered":"Porto de S\u00e3o Francisco recebe representante do Minist\u00e9rio dos Transportes para debater obras da BR-280"},"content":{"rendered":"<p><\/p>\n<div>\n<p><em>Foto: Divulga\u00e7\u00e3o \/PSF<\/em><\/p>\n<p>A diretoria do Porto de S\u00e3o Francisco do Sul esteve reunida com o secret\u00e1rio-executivo do Minist\u00e9rio dos Transportes, George Santoro, al\u00e9m de prefeitos e autoridades do Norte catarinense, para buscar solu\u00e7\u00f5es emergenciais para a BR-280, \u00fanico acesso rodovi\u00e1rio \u00e0 cidade.<\/p>\n<p>O presidente do Porto, Cleverton Vieira, iniciou o encontro, nesta sexta-feira, 7, apresentando a import\u00e2ncia do complexo portu\u00e1rio para o Brasil e fez um apelo para a necessidade urgente de melhorias na rodovia.<\/p>\n<p>O \u201cn\u00famero 2\u201d do Minist\u00e9rio apresentou as obras que j\u00e1 t\u00eam pronto o projeto de execu\u00e7\u00e3o e que poder\u00e3o ser iniciadas nos pr\u00f3ximos meses, com a contrata\u00e7\u00e3o de empreiteiras para fazer o contorno rodovi\u00e1rio em S\u00e3o Francisco e tamb\u00e9m um viaduto na frente do Instituto Federal de SC, em Araquari.\u00a0<\/p>\n<p>Para o restante da BR, dever\u00e1 haver nova licita\u00e7\u00e3o para contratar o projeto, j\u00e1 que a empresa que iria fazer a duplica\u00e7\u00e3o faliu. \u201c\u00c9 o grande gargalo do Brasil\u201d, afirmou Santoro, acrescentando que iria levar toda a grave situa\u00e7\u00e3o da rodovia ao ministro Renan Filho para tentar agilizar ao m\u00e1ximo as obras.<\/p>\n<figure class=\"wp-block-image size-full\"><\/figure>\n<p>O presidente Cleverton Vieira destacou que \u201ca autoridade do governo federal, diretamente ligada ao Minist\u00e9rio dos Transportes, percorreu de carro a rodovia e vivenciou o drama que assola diariamente os usu\u00e1rios da 280\u201d. Ele ainda ressaltou a presen\u00e7a de prefeitos e autoridades da regi\u00e3o, que est\u00e3o trabalhando de forma coordenada para pressionar o governo federal a priorizar a duplica\u00e7\u00e3o da rodovia.<\/p>\n<p>Tamb\u00e9m participaram da reuni\u00e3o, organizada pela Associa\u00e7\u00e3o Empresarial de S\u00e3o Francisco do Sul, o superintendente regional do Departamento Nacional de Infraestrutura de Transportes (Dnit\/SC), Alysson Andrade, e o secret\u00e1rio-adjunto da Secretaria Estadual de Portos, Aeroportos e Ferrovias, Ivan Amaral, al\u00e9m dos prefeitos Godofredo Moreira Filho (S\u00e3o Francisco do Sul) e Ludgero Jasper Junior (Araquari).<\/p>\n<p>No final do evento, o secret\u00e1rio-executivo George Santoro afirmou, ainda, que ficou impressionado com a capacidade do Porto em se manter entre os 10 portos que mais movimentam carga no Brasil, apesar das dificuldades de acesso.<\/p>\n<p><strong>Mais informa\u00e7\u00f5es:<\/strong><br \/>Jornalista Billy Culleton<br \/>Assessoria de Comunica\u00e7\u00e3o<br \/>Porto de S\u00e3o Francisco do Sul<br \/>(48) 99968-3091<\/p>\n<\/p><\/div>\n","protected":false},"excerpt":{"rendered":"<p>Foto: Divulga\u00e7\u00e3o \/PSF A diretoria do Porto de S\u00e3o Francisco do Sul esteve reunida com o secret\u00e1rio-executivo do Minist\u00e9rio dos<\/p>\n","protected":false},"author":1,"featured_media":0,"comment_status":"","ping_status":"","sticky":false,"template":"","format":"standard","meta":{"colormag_page_container_layout":"default_layout","colormag_page_sidebar_layout":"default_layout","footnotes":""},"categories":[1],"tags":[],"class_list":["post-40427","post","type-post","status-publish","format-standard","hentry","category-sem-categoria"],"_links":{"self":[{"href":"https:\/\/euvivoaselecao.com.br\/index.php\/wp-json\/wp\/v2\/posts\/40427","targetHints":{"allow":["GET"]}}],"collection":[{"href":"https:\/\/euvivoaselecao.com.br\/index.php\/wp-json\/wp\/v2\/posts"}],"about":[{"href":"https:\/\/euvivoaselecao.com.br\/index.php\/wp-json\/wp\/v2\/types\/post"}],"author":[{"embeddable":true,"href":"https:\/\/euvivoaselecao.com.br\/index.php\/wp-json\/wp\/v2\/users\/1"}],"replies":[{"embeddable":true,"href":"https:\/\/euvivoaselecao.com.br\/index.php\/wp-json\/wp\/v2\/comments?post=40427"}],"version-history":[{"count":0,"href":"https:\/\/euvivoaselecao.com.br\/index.php\/wp-json\/wp\/v2\/posts\/40427\/revisions"}],"wp:attachment":[{"href":"https:\/\/euvivoaselecao.com.br\/index.php\/wp-json\/wp\/v2\/media?parent=40427"}],"wp:term":[{"taxonomy":"category","embeddable":true,"href":"https:\/\/euvivoaselecao.com.br\/index.php\/wp-json\/wp\/v2\/categories?post=40427"},{"taxonomy":"post_tag","embeddable":true,"href":"https:\/\/euvivoaselecao.com.br\/index.php\/wp-json\/wp\/v2\/tags?post=40427"}],"curies":[{"name":"wp","href":"https:\/\/api.w.org\/{rel}","templated":true}]}}