{"id":40428,"date":"2025-02-08T19:21:16","date_gmt":"2025-02-08T22:21:16","guid":{"rendered":"https:\/\/euvivoaselecao.com.br\/index.php\/2025\/02\/08\/empresario-que-intermedeia-negociacao-vai-agendar-encontro-entre-pedrinho-e-marinakis\/"},"modified":"2025-02-08T19:21:16","modified_gmt":"2025-02-08T22:21:16","slug":"empresario-que-intermedeia-negociacao-vai-agendar-encontro-entre-pedrinho-e-marinakis","status":"publish","type":"post","link":"https:\/\/euvivoaselecao.com.br\/index.php\/2025\/02\/08\/empresario-que-intermedeia-negociacao-vai-agendar-encontro-entre-pedrinho-e-marinakis\/","title":{"rendered":"Empres\u00e1rio que intermedeia negocia\u00e7\u00e3o vai agendar encontro entre Pedrinho e Marinakis"},"content":{"rendered":"<p><\/p>\n<div id=\"post-70135\">\n<div class=\"clearfix entry-content\">\n<p>Empres\u00e1rio que intermedeia negocia\u00e7\u00e3o vai agendar encontro entre Pedrinho e Marinakis<\/p>\n<div>Fabio Azevedo @fabioazevedotv<\/p>\n<p>O presidente Pedrinho aguarda o convite oficial do grego Evangelos Marinakis para ter o primeiro encontro com o bilion\u00e1rio. O empres\u00e1rio Giuseppe Diogardi, que est\u00e1 intermediando a negocia\u00e7\u00e3o, vai agendar o t\u00e3o esperado encontro. No entanto, um fato despertou a desconfian\u00e7a. \ud83e\uddf6<\/p>\n<p>Nesta janela de transfer\u00eancias, o @VascodaGama solicitou o empr\u00e9stimo do atacante paraguaio Ram\u00f3n Sosa, que n\u00e3o vem tendo muitas chances no @NFFC (14 jogos apenas na temporada 24\/25, sendo um como titular, 29\/12). Este \u00e9 um ponto de desconfian\u00e7a da diretoria. \ud83e\uddf6\n<\/p>\n<p>Segundo apurei, em nenhum momento houve abertura para que o empr\u00e9stimo acontecesse (como fosse um \u2018boas vindas\u2019 ao futuro parceiro). E mais: no jogo seguinte ao papo (29\/12), Sosa foi relacionado e titular contra o Everton. Enfim, o primeiro contato n\u00e3o deixou boa impress\u00e3o. \ud83e\uddf6\n<\/p>\n<p>No entanto, os dirigentes enxergam que o grego Marinakis e os demais interessados est\u00e3o em p\u00e9 de igualdade, uma vez que ainda n\u00e3o teve UMA proposta oficial. Os moldes da negocia\u00e7\u00e3o ser\u00e3o diferentes dos atuais firmados com a 777. Em breve, cenas dos pr\u00f3ximos cap\u00edtulos!\n<\/p>\n<p>Fonte: X do jornalista Fabio Azevedo\/Fan\u00e1tico Vasca\u00edno<\/p>\n<\/div>\n<div class=\"sharedaddy sd-block sd-like jetpack-likes-widget-wrapper jetpack-likes-widget-unloaded\" id=\"like-post-wrapper-173292096-70135-67a7d989d02ef\" data-src=\"https:\/\/widgets.wp.com\/likes\/?ver=14.3#blog_id=173292096&amp;post_id=70135&amp;origin=vasconet.com.br&amp;obj_id=173292096-70135-67a7d989d02ef&amp;n=1\" data-name=\"like-post-frame-173292096-70135-67a7d989d02ef\" data-title=\"Curtir ou reblogar\">\n<h3 class=\"sd-title\">Curtir isso:<\/h3>\n<p><span class=\"button\"><span>Curtir<\/span><\/span> <span class=\"loading\">Carregando&#8230;<\/span><\/p>\n<p><span class=\"sd-text-color\"><\/span><\/div>\n<\/p>\n<h3 class=\"jp-relatedposts-headline\"><em>Relacionado<\/em><\/h3>\n<p><!-- CONTENT END 2 --><br \/>\n\t\t\t<!-- .entry-content --><\/div>\n<p><!-- #post-70135 --><\/div>\n<p><script async defer crossorigin=\"anonymous\" src=\"https:\/\/connect.facebook.net\/pt_BR\/sdk.js#xfbml=1&amp;version=v12.0&amp;appId=114327694422&amp;autoLogAppEvents=1\" nonce=\"4kp7RAsD\"><\/script><\/p>\n","protected":false},"excerpt":{"rendered":"<p>Empres\u00e1rio que intermedeia negocia\u00e7\u00e3o vai agendar encontro entre Pedrinho e Marinakis Fabio Azevedo @fabioazevedotv O presidente Pedrinho aguarda o convite<\/p>\n","protected":false},"author":1,"featured_media":0,"comment_status":"","ping_status":"","sticky":false,"template":"","format":"standard","meta":{"colormag_page_container_layout":"default_layout","colormag_page_sidebar_layout":"default_layout","footnotes":""},"categories":[1],"tags":[],"class_list":["post-40428","post","type-post","status-publish","format-standard","hentry","category-sem-categoria"],"_links":{"self":[{"href":"https:\/\/euvivoaselecao.com.br\/index.php\/wp-json\/wp\/v2\/posts\/40428","targetHints":{"allow":["GET"]}}],"collection":[{"href":"https:\/\/euvivoaselecao.com.br\/index.php\/wp-json\/wp\/v2\/posts"}],"about":[{"href":"https:\/\/euvivoaselecao.com.br\/index.php\/wp-json\/wp\/v2\/types\/post"}],"author":[{"embeddable":true,"href":"https:\/\/euvivoaselecao.com.br\/index.php\/wp-json\/wp\/v2\/users\/1"}],"replies":[{"embeddable":true,"href":"https:\/\/euvivoaselecao.com.br\/index.php\/wp-json\/wp\/v2\/comments?post=40428"}],"version-history":[{"count":0,"href":"https:\/\/euvivoaselecao.com.br\/index.php\/wp-json\/wp\/v2\/posts\/40428\/revisions"}],"wp:attachment":[{"href":"https:\/\/euvivoaselecao.com.br\/index.php\/wp-json\/wp\/v2\/media?parent=40428"}],"wp:term":[{"taxonomy":"category","embeddable":true,"href":"https:\/\/euvivoaselecao.com.br\/index.php\/wp-json\/wp\/v2\/categories?post=40428"},{"taxonomy":"post_tag","embeddable":true,"href":"https:\/\/euvivoaselecao.com.br\/index.php\/wp-json\/wp\/v2\/tags?post=40428"}],"curies":[{"name":"wp","href":"https:\/\/api.w.org\/{rel}","templated":true}]}}