{"id":40429,"date":"2025-02-08T19:34:01","date_gmt":"2025-02-08T22:34:01","guid":{"rendered":"https:\/\/euvivoaselecao.com.br\/index.php\/2025\/02\/08\/chame-gente-e-mais-tres-blocos-abrem-segundo-fim-de-semana-do-carnaval-de-rua-prefeitura-da-cidade-do-rio-de-janeiro\/"},"modified":"2025-02-08T19:34:01","modified_gmt":"2025-02-08T22:34:01","slug":"chame-gente-e-mais-tres-blocos-abrem-segundo-fim-de-semana-do-carnaval-de-rua-prefeitura-da-cidade-do-rio-de-janeiro","status":"publish","type":"post","link":"https:\/\/euvivoaselecao.com.br\/index.php\/2025\/02\/08\/chame-gente-e-mais-tres-blocos-abrem-segundo-fim-de-semana-do-carnaval-de-rua-prefeitura-da-cidade-do-rio-de-janeiro\/","title":{"rendered":"Chame Gente e mais tr\u00eas blocos abrem segundo fim de semana do Carnaval de Rua &#8211; Prefeitura da Cidade do Rio de Janeiro"},"content":{"rendered":"<p><\/p>\n<p><span style=\"font-size: large\">Com repert\u00f3rio reunindo sucessos da ax\u00e9 music, o bloco Chame Gente abriu o segundo fim de semana do Carnaval de Rua do Rio, neste s\u00e1bado (8\/2), comemorando os 40 anos do ritmo baiano. Em um desfile que durou cerca de cinco horas, na Praia de S\u00e3o Conrado, a agremia\u00e7\u00e3o foi comandada pelo cantor Alexandre Peixe, com a participa\u00e7\u00e3o especial da ex-vocalista da banda Cheiro de Amor, M\u00e1rcia Freire. Al\u00e9m do abre-alas, outros tr\u00eas blocos animaram foli\u00f5es por toda a cidade.<\/span><\/p>\n<div>\n<blockquote>\n<p dir=\"ltr\"><span style=\"font-size: large\">\u2013 Mais um ano com voc\u00eas. Vivemos mais um dia especial, com muito ax\u00e9, positividade e astral para celebrar os 40 anos do ax\u00e9 -, afirmou Alexandre Peixe, que conduz a festa do bloco h\u00e1 sete anos.<\/span><\/p>\n<\/blockquote>\n<p dir=\"ltr\"><span style=\"font-size: large\">Inspirado na m\u00fasica \u201cChame Gente\u201d, de Moraes Moreira e Armandinho Macedo, o tradicional bloco faz a festa h\u00e1 quase 20 anos pelas ruas do Rio. Em 2025, a agremia\u00e7\u00e3o tamb\u00e9m celebrou a fus\u00e3o dos ritmos baianos e cariocas, com cl\u00e1ssicos como \u201cFara\u00f3\u201d, de Margareth Menezes, e o \u201cCanto da Cidade\u201d, de Daniela Mercury.\u00a0<\/span><\/p>\n<blockquote>\n<p dir=\"ltr\"><span style=\"font-size: large\">\u2013 Estou super feliz de estar aqui. O Rio tem a mesma vibe da Bahia, ent\u00e3o \u00e9 garantia de energia. S\u00e3o quarenta anos de ax\u00e9, quarenta anos levando nossa m\u00fasica ao Brasil. E \u00e9 muita gratid\u00e3o ver esse solz\u00e3o e a galera aqui prestigiando -, celebrou M\u00e1rcia Freire, que na sua estreia no carnaval carioca, levantou os foli\u00f5es em S\u00e3o Conrado ao som de \u201cVai Sacudir, Vai abalar\u201d.\u00a0<\/span><\/p>\n<\/blockquote>\n<p dir=\"ltr\"><span style=\"font-size: large\">Com um p\u00fablico diverso, o Chama Gente mostrou que a festa no Rio \u00e9 para toda a fam\u00edlia. Vivian e \u00c9rica Pires, m\u00e3e e filha, curtiram o bloco com fantasias id\u00eanticas que elas mesmas confeccionaram. As duas, em seu segundo ano acompanhando a agremia\u00e7\u00e3o, sempre saem juntas e elogiaram a seguran\u00e7a.<\/span><\/p>\n<blockquote>\n<p dir=\"ltr\"><span style=\"font-size: large\">\u2013 Desde a barriga ela me acompanha nos blocos. Ent\u00e3o, j\u00e1 s\u00e3o 19 anos que brincamos juntas. Amamos o carnaval e sa\u00edmos sempre iguais em todos os blocos em que participamos, com fantasias que n\u00f3s mesmas fazemos. \u00c9 a nossa segunda vez no Chame Gente, que tem um clima muito familiar, m\u00fasicas baianas antigas, e \u00e9 muito seguro -, disse Vivian.\u00a0<\/span><\/p>\n<\/blockquote>\n<p dir=\"ltr\"><span style=\"font-size: large\">Na parte da tarde, j\u00e1 no Centro do Rio, o bloco \u201cIndependente do Morro do Pinto\u201d animou a regi\u00e3o do Santo Cristo. O cortejo desfila desde 1972 na cidade, com moradores das comunidades do Morro da Provid\u00eancia, da Concei\u00e7\u00e3o e da que leva o mesmo nome da agremia\u00e7\u00e3o.<\/span><\/p>\n<p dir=\"ltr\"><span style=\"font-size: large\">A presidente da Liga Portu\u00e1ria, que re\u00fane os blocos dessa regi\u00e3o da cidade, Rosiete Marinho, ressaltou o papel hist\u00f3rico e social desenvolvido pelo bloco.\u00a0<\/span><\/p>\n<blockquote>\n<p dir=\"ltr\"><span style=\"font-size: large\">\u2013 \u00c9 um bloco realmente do povo, que conta a nossa hist\u00f3ria. Esses blocos aqui da regi\u00e3o s\u00e3o a nossa origem, carregam o fundamento da nossa comunidade -, afirmou Rosiete.<\/span><\/p>\n<\/blockquote>\n<p dir=\"ltr\"><span style=\"font-size: large\">A folia na cidade tamb\u00e9m contou com os blocos \u201cCarnaval e Bloco Folia do Largo do Sap\u00ea\u201d, em Bento Ribeiro, e o \u201cBloco da Praia\u201d, de Pedra de Guaratiba, na Zona Oeste.<\/span><\/p>\n<p dir=\"ltr\"><span style=\"font-size: large\">A festa continua neste domingo (9\/2), com o desfile de mais 10 blocos, liderados pelo estreante Ser\u00e1QAbre?, \u00fanico megabloco deste final de semana. Entre os destaques, os infantis \u201cMini Seres do Mar\u201d,\u00a0 no Flamengo, e \u201cCaminhadinha\u201d, no Humait\u00e1, \u201cS\u00f3 Caminha\u201d, no Largo dos Le\u00f5es; \u201cBanda Cultural do Jil\u00f3\u201d, na Tijuca, \u201cG.R.B.C Turma do Gato Futebol e Samba\u201d, em Pilares, e \u201cXod\u00f3 da Piedade\u201d, em Piedade.\u00a0<\/span><\/p>\n<p dir=\"ltr\"><strong><span style=\"font-size: large\">Plano Operacional para o Carnaval de Rua 2025\u00a0<\/span><\/strong><\/p>\n<p dir=\"ltr\"><span style=\"font-size: large\">Com a expectativa de atrair cerca de 6 milh\u00f5es de pessoas em 37 dias de folia, o Carnaval de Rua 2025 ter\u00e1, at\u00e9 o dia 9 de mar\u00e7o,\u00a0cerca de 480 apresenta\u00e7\u00f5es espalhadas por diversas regi\u00f5es do Rio. O Centro ser\u00e1 palco de 128 desfiles, mas a folia tamb\u00e9m estar\u00e1 garantida nas zonas Norte, Sul e Oeste, al\u00e9m de Grande Tijuca, Ilhas e Jacarepagu\u00e1.\u00a0<\/span><\/p>\n<p dir=\"ltr\"><span style=\"font-size: large\">Para garantir que o p\u00fablico aproveite a festa com seguran\u00e7a e conforto, a Prefeitura, atrav\u00e9s da Riotur, preparou um grande esquema operacional envolvendo CET-Rio, Secretaria Municipal de Sa\u00fade (SMS), Comlurb, Secretaria de Ordem P\u00fablica (Seop) e\u00a0 Guarda Municipal do Rio (GM-Rio), entre outros \u00f3rg\u00e3os, que atuar\u00e3o nos locais de eventos e nos entornos.\u00a0<\/span><\/p>\n<p dir=\"ltr\"><span style=\"font-size: large\">A programa\u00e7\u00e3o completa dos cortejos, com data, hor\u00e1rio e percurso, est\u00e1 dispon\u00edvel no aplicativo Blocos do Rio 2025, em todas as plataformas digitais.\u00a0 A ferramenta \u00e9 gratuita e funciona por geolocaliza\u00e7\u00e3o. A lista tamb\u00e9m est\u00e1 dispon\u00edvel no site\u00a0 https:\/\/www.carnavalderua.rio\/, que re\u00fane, al\u00e9m do calend\u00e1rio dos desfiles, not\u00edcias sobre os blocos e mais informa\u00e7\u00f5es sobre o Carnaval de Rua do Rio 2025.<\/span><\/p>\n<p dir=\"ltr\"><strong><span style=\"font-size: large\">Confira a lista dos desfiles deste domingo, dia 9\/02<\/span><\/strong><\/p>\n<p dir=\"ltr\"><strong><span style=\"font-size: large\">\u2013 SERAQABRE? (MEGABLOCO)<\/span><\/strong><\/p>\n<p dir=\"ltr\"><span style=\"font-size: large\">Endere\u00e7o: Circuito Primeiro de Mar\u00e7o \u2013 R. da Alf\u00e2ndega, 3 \u2013 Centro<\/span><\/p>\n<p dir=\"ltr\"><span style=\"font-size: large\">Concentra\u00e7\u00e3o: 7h In\u00edcio: 8h Fim: 12h<\/span><\/p>\n<p dir=\"ltr\"><strong><span style=\"font-size: large\">\u2013 Mini Seres do Mar (INFANTIL)<\/span><\/strong><\/p>\n<p dir=\"ltr\"><span style=\"font-size: large\">Endere\u00e7o: Av. Infante Dom Henrique, 187 \u2013 Flamengo<\/span><\/p>\n<p dir=\"ltr\"><span style=\"font-size: large\">Concentra\u00e7\u00e3o: 8h In\u00edcio: 9h Fim: 11h<\/span><\/p>\n<p dir=\"ltr\"><strong><span style=\"font-size: large\">\u2013 Caminhadinha (INFANTIL)<\/span><\/strong><\/p>\n<p dir=\"ltr\"><span style=\"font-size: large\">Endere\u00e7o: Largo dos Le\u00f5es \u2013 Humait\u00e1<\/span><\/p>\n<p dir=\"ltr\"><span style=\"font-size: large\">Concentra\u00e7\u00e3o: 8h In\u00edcio: 9h Fim: 12h<\/span><\/p>\n<p dir=\"ltr\"><strong><span style=\"font-size: large\">\u2013 Bloco S\u00f3 Caminha (TRADICIONAL)<\/span><\/strong><\/p>\n<p dir=\"ltr\"><span style=\"font-size: large\">Endere\u00e7o: Largo dos Le\u00f5es \u2013 Humait\u00e1<\/span><\/p>\n<p dir=\"ltr\"><span style=\"font-size: large\">Concentra\u00e7\u00e3o:\u00a0 12h In\u00edcio: 14h Fim: 18h<\/span><\/p>\n<p dir=\"ltr\"><strong><span style=\"font-size: large\">\u2013 Banda Cultural do Jil\u00f3 (TRADICIONAL)<\/span><\/strong><\/p>\n<p dir=\"ltr\"><span style=\"font-size: large\">Endere\u00e7o: R. Pinto de Figueiredo, 26a \u2013 Tijuca<\/span><\/p>\n<p dir=\"ltr\"><span style=\"font-size: large\">Concentra\u00e7\u00e3o: 14h In\u00edcio: 14h Fim: 20h<\/span><\/p>\n<p dir=\"ltr\"><strong><span style=\"font-size: large\">\u2013 Carij\u00f3 (TRADICIONAL)<\/span><\/strong><\/p>\n<p dir=\"ltr\"><span style=\"font-size: large\">Endere\u00e7o: R. Taguatinga \u2013 Freguesia, Ilha do Governador<\/span><\/p>\n<p dir=\"ltr\"><span style=\"font-size: large\">Concentra\u00e7\u00e3o: 14h In\u00edcio: 15h Fim: 20h<\/span><\/p>\n<p dir=\"ltr\"><strong><span style=\"font-size: large\">\u2013 Banda da Zulmira (TRADICIONAL)<\/span><\/strong><\/p>\n<p dir=\"ltr\"><span style=\"font-size: large\">Endere\u00e7o: R. Alm. Jo\u00e3o C\u00e2ndido Brasil, 251 \u2013 Maracan\u00e3<\/span><\/p>\n<p dir=\"ltr\"><span style=\"font-size: large\">Concentra\u00e7\u00e3o: 14h In\u00edcio: 15h Fim: 20h<\/span><\/p>\n<p dir=\"ltr\"><strong><span style=\"font-size: large\">\u2013 G.R.B.C Turma do Gato Futebol e Samba (TRADICIONAL)<\/span><\/strong><\/p>\n<p dir=\"ltr\"><span style=\"font-size: large\">Endere\u00e7o: R. Djalma Dutra, 262 \u2013 Pilares<\/span><\/p>\n<p dir=\"ltr\"><span style=\"font-size: large\">Concentra\u00e7\u00e3o: 16h In\u00edcio: 17h Fim: 22h<\/span><\/p>\n<p dir=\"ltr\"><strong><span style=\"font-size: large\">\u2013 Associa\u00e7\u00e3o Bloco Carnavalesco Cora\u00e7\u00e3o das Meninas (TRADICIONAL)<\/span><\/strong><\/p>\n<p dir=\"ltr\"><span style=\"font-size: large\">Endere\u00e7o: R. Sacadura Cabral, 359 \u2013 Sa\u00fade<\/span><\/p>\n<p dir=\"ltr\"><span style=\"font-size: large\">Concentra\u00e7\u00e3o: 16h In\u00edcio:\u00a0 18h Fim: 22h<\/span><\/p>\n<p dir=\"ltr\"><strong><span style=\"font-size: large\">\u2013 Bloco Carnavalesco Xod\u00f3 da Piedade (TRADICIONAL)<\/span><\/strong><\/p>\n<p dir=\"ltr\"><span style=\"font-size: large\">Endere\u00e7o: R. Jo\u00e3o Pinheiro, 171 \u2013 Piedade<\/span><\/p>\n<p dir=\"ltr\"><span style=\"font-size: large\">Concentra\u00e7\u00e3o: 16h In\u00edcio: 18h Fim: 22h<\/span><\/p>\n<\/div>\n","protected":false},"excerpt":{"rendered":"<p>Com repert\u00f3rio reunindo sucessos da ax\u00e9 music, o bloco Chame Gente abriu o segundo fim de semana do Carnaval de<\/p>\n","protected":false},"author":1,"featured_media":0,"comment_status":"","ping_status":"","sticky":false,"template":"","format":"standard","meta":{"colormag_page_container_layout":"default_layout","colormag_page_sidebar_layout":"default_layout","footnotes":""},"categories":[1],"tags":[],"class_list":["post-40429","post","type-post","status-publish","format-standard","hentry","category-sem-categoria"],"_links":{"self":[{"href":"https:\/\/euvivoaselecao.com.br\/index.php\/wp-json\/wp\/v2\/posts\/40429","targetHints":{"allow":["GET"]}}],"collection":[{"href":"https:\/\/euvivoaselecao.com.br\/index.php\/wp-json\/wp\/v2\/posts"}],"about":[{"href":"https:\/\/euvivoaselecao.com.br\/index.php\/wp-json\/wp\/v2\/types\/post"}],"author":[{"embeddable":true,"href":"https:\/\/euvivoaselecao.com.br\/index.php\/wp-json\/wp\/v2\/users\/1"}],"replies":[{"embeddable":true,"href":"https:\/\/euvivoaselecao.com.br\/index.php\/wp-json\/wp\/v2\/comments?post=40429"}],"version-history":[{"count":0,"href":"https:\/\/euvivoaselecao.com.br\/index.php\/wp-json\/wp\/v2\/posts\/40429\/revisions"}],"wp:attachment":[{"href":"https:\/\/euvivoaselecao.com.br\/index.php\/wp-json\/wp\/v2\/media?parent=40429"}],"wp:term":[{"taxonomy":"category","embeddable":true,"href":"https:\/\/euvivoaselecao.com.br\/index.php\/wp-json\/wp\/v2\/categories?post=40429"},{"taxonomy":"post_tag","embeddable":true,"href":"https:\/\/euvivoaselecao.com.br\/index.php\/wp-json\/wp\/v2\/tags?post=40429"}],"curies":[{"name":"wp","href":"https:\/\/api.w.org\/{rel}","templated":true}]}}